{"id":144574,"date":"2021-11-23T11:01:22","date_gmt":"2021-11-23T10:01:22","guid":{"rendered":"http:\/\/www.tucomarca.com\/wordpress\/segunda\/?p=144574"},"modified":"2021-11-23T11:01:30","modified_gmt":"2021-11-23T10:01:30","slug":"el-vi-congreso-go-global-retoma-la-presencialidad-con-mas-de-20-paises-para-fomentar-las-exportaciones-de-las-pymes-de-la-comunitat","status":"publish","type":"post","link":"https:\/\/www.tucomarca.com\/wordpress\/segunda\/el-vi-congreso-go-global-retoma-la-presencialidad-con-mas-de-20-paises-para-fomentar-las-exportaciones-de-las-pymes-de-la-comunitat\/","title":{"rendered":"El VI Congreso Go Global retoma la presencialidad con m\u00e1s de 20 pa\u00edses para fomentar las exportaciones de las pymes de la Comunitat"},"content":{"rendered":"\n<h4 class=\"wp-block-heading\">El VI Congreso Go Global impulsa la internacionalizaci\u00f3n de las pymes valencianas y retoma el formato presencial&nbsp;<\/h4>\n\n\n\n<h4 class=\"wp-block-heading\">Ponencias, mesas de debate empresarial y reuniones virtuales se suceder\u00e1n estos dos d\u00edas<\/h4>\n\n\n\n<h4 class=\"wp-block-heading\"><strong>Las empresas tienen la oportunidad de reunirse de manera presencial con la Red Exterior del Ivace, con una veintena de empresas importadoras y de forma virtual con las oficinas comerciales del Icex en 16 mercados&nbsp;<\/strong><\/h4>\n\n\n\n<p>El Congreso Go Global, evento de referencia en internacionalizaci\u00f3n de las pymes valencianas, ha iniciado su VI edici\u00f3n en la Escuela de Negocios Llu\u00eds Vives. Un congreso que concentra todo el potencial del sector internacional en ponencias, mesas de debate con empresas exportadoras de la Comunitat, asociaciones sectoriales, compradores internacionales, especialistas y responsables de IVACE Internacional, Consejo de C\u00e1maras de la Comunidad Valenciana y de ICEX Espa\u00f1a Exportaci\u00f3n e Inversiones.<\/p>\n\n\n\n<p>La inauguraci\u00f3n ha estado presidida por la Vicepresidenta del Consell y consellera de Igualdad y Pol\u00edticas Inclusivas, M\u00f3nica Oltra, y ha contado con la participaci\u00f3n del director general de Cooperaci\u00f3n Internacional del ICEX Espa\u00f1a, Javier Serra y el Presidente del Consejo de C\u00e1maras de la CV, Jos\u00e9 Vicente Morata.&nbsp;<\/p>\n\n\n\n<p><strong>M\u00f3nica Oltra, Vicepresidenta del Consell y consellera de Igualdad y Pol\u00edticas Inclusivas<\/strong> ha destacado la inquietud tradicionalmente exportadora de nuestro territorio y ha destacado la consolidaci\u00f3n de este Congreso que supone un apoyo importante para las pymes de la Comunitat. \u2018Queremos levantar puentes y abrir caminos all\u00ed donde las peque\u00f1as y medias empresas valencianas no pueden llegar por sus propios medios\u2018.<\/p>\n\n\n\n<p>Oltra ha destacado asimismo la estrecha colaboraci\u00f3n entre las tres entidades organizadoras del Congreso, C\u00e1maras de Comercio de la Comunitat Valenciana, Icex Espa\u00f1a Exportaci\u00f3n e Inversiones e Ivace Internacional.&nbsp;<\/p>\n\n\n\n<p>En su intervenci\u00f3n, <strong>Jos\u00e9 Vicente Morata, presidente del Consejo de C\u00e1maras de la Comunitat Valenciana<\/strong>, ha destacado que \u2018si algo ha funcionado en este periodo cr\u00edtico provocado por la pandemia, es la exportaci\u00f3n y es algo que no va a parar, por eso nuestro objetivo seguir\u00e1 siendo formar e informar a todo nuestro tejido empresarial para continuar esa senda que permita a nuestras empresas llevar sus productos por todo el mundo\u2019.<\/p>\n\n\n\n<p>Por su parte, <strong>Javier Serra, director general de Cooperaci\u00f3n Internacional de ICEX Espa\u00f1a<\/strong>, ha realizado una radiograf\u00eda del sector exportador y tambi\u00e9n ha coincidido en que \u2018pese al momento cr\u00edtico, los datos al cierre de 2021 son alentadores\u2019.<\/p>\n\n\n\n<p>El volumen de las exportaciones en el conjunto de Espa\u00f1a en el periodo de enero- agosto de 2021 ha crecido un 21%. En el caso de las exportaciones regulares han crecido un 10% y un 3\u20197% en la Comunitat Valenciana.<\/p>\n\n\n\n<p>Para la Comunitat Valenciana, Alemania es el primer pa\u00eds receptor de las exportaciones valencianas, ha se\u00f1alado Javier Serra, al tiempo que ha apuntado que \u2018debemos mantenernos alerta de los riesgos en materia de costes energ\u00e9ticos, del proteccionismo de algunos pa\u00edses y de superar la brecha digital que impide a muchas pymes poder exportar\u2019.<\/p>\n\n\n\n<p>A partir de ah\u00ed, han comenzado las sesiones y debates, donde el protagonismo ha reca\u00eddo en la log\u00edstica internacional tradicional frente al ecommerce. Y ha continuado con una mesa de debate empresarial para luego abordar cuestiones relacionadas con la ciberseguridad y la ciberinteligencia desde la \u00f3ptica de la exportaci\u00f3n.<\/p>\n\n\n\n<p><strong>Reuniones con la Red Exterior y con empresas importadoras<\/strong><\/p>\n\n\n\n<p>Adem\u00e1s, durante estos dos d\u00edas, en Go Global, las empresas tienen la posibilidad de concertar reuniones virtuales con las oficinas comerciales del Icex en 16 mercados y de manera presencial con la Red Exterior del Ivace y con empresas importadoras.<\/p>\n\n\n\n<p>En este sentido, el Congreso retoma con fuerza su vertiente m\u00e1s comercial y acerca oportunidades de negocio a las empresas de la Comunitat con la participaci\u00f3n de una veintena de empresas importadoras seleccionadas por el Ivace.&nbsp;<\/p>\n\n\n\n<p>Las empresas importadoras que estar\u00e1n presentes en la sexta edici\u00f3n del Congreso proceden de pa\u00edses como: Alemania, Argelia, Costa de Marfil, Emiratos \u00c1rabes Unidos, Francia, India, M\u00e9xico, Reino Unido y Senegal, entre otros.&nbsp;<\/p>\n\n\n\n<p>En cuanto a los sectores, estar\u00e1n presentes empresas de agroalimentario, arquitectura y dise\u00f1o, calzado, equipamiento m\u00e9dico, h\u00e1bitat, materiales de construcci\u00f3n, m\u00e9dico hospitalario, mueble, accesorios de ba\u00f1o, textil hogar, ropa, juguetes, vinos y bebidas.&nbsp;<\/p>\n\n\n\n<p>Las empresas de la Comunitat podr\u00e1n consultar los perfiles de las empresas invitadas y solicitar su reuni\u00f3n presencial y confeccionar su propia agenda. &nbsp;<\/p>\n\n\n\n<p>Asimismo, el Ivace retoma los encuentros con su Red Exterior de forma presencial durante el Congreso. As\u00ed, estar\u00e1n representadas las antenas del Ivace en Alemania, Argelia, Chile, China, Colombia, Corea, Emiratos, Escandinavia, Filipinas, Francia, India, Jap\u00f3n, M\u00e9xico, Miami, Nueva York, Polonia, Reino Unido, Rusia, Sudeste Asi\u00e1tico y Vietnam.<\/p>\n","protected":false},"excerpt":{"rendered":"<div class=\"mh-excerpt\">El VI Congreso Go Global impulsa la internacionalizaci\u00f3n de las pymes valencianas y retoma el formato presencial&nbsp; Ponencias, mesas de debate empresarial y reuniones virtuales se suceder\u00e1n estos dos d\u00edas Las empresas tienen la oportunidad <a class=\"mh-excerpt-more\" href=\"https:\/\/www.tucomarca.com\/wordpress\/segunda\/el-vi-congreso-go-global-retoma-la-presencialidad-con-mas-de-20-paises-para-fomentar-las-exportaciones-de-las-pymes-de-la-comunitat\/\" title=\"El VI Congreso Go Global retoma la presencialidad con m\u00e1s de 20 pa\u00edses para fomentar las exportaciones de las pymes de la Comunitat\">[+] <\/a><\/div>\n","protected":false},"author":1,"featured_media":144575,"comment_status":"open","ping_status":"open","sticky":false,"template":"","format":"standard","meta":{"footnotes":""},"categories":[128,8,72,142,3,45],"tags":[15765],"class_list":{"0":"post-144574","1":"post","2":"type-post","3":"status-publish","4":"format-standard","5":"has-post-thumbnail","7":"category-infraestructuras","8":"category-la-comarca","9":"category-sin-categorizar","10":"category-politica-la-comarca","11":"category-seccion","12":"category-ventana","13":"tag-vi-congreso-go-global"},"_links":{"self":[{"href":"https:\/\/www.tucomarca.com\/wordpress\/segunda\/wp-json\/wp\/v2\/posts\/144574","targetHints":{"allow":["GET"]}}],"collection":[{"href":"https:\/\/www.tucomarca.com\/wordpress\/segunda\/wp-json\/wp\/v2\/posts"}],"about":[{"href":"https:\/\/www.tucomarca.com\/wordpress\/segunda\/wp-json\/wp\/v2\/types\/post"}],"author":[{"embeddable":true,"href":"https:\/\/www.tucomarca.com\/wordpress\/segunda\/wp-json\/wp\/v2\/users\/1"}],"replies":[{"embeddable":true,"href":"https:\/\/www.tucomarca.com\/wordpress\/segunda\/wp-json\/wp\/v2\/comments?post=144574"}],"version-history":[{"count":0,"href":"https:\/\/www.tucomarca.com\/wordpress\/segunda\/wp-json\/wp\/v2\/posts\/144574\/revisions"}],"wp:featuredmedia":[{"embeddable":true,"href":"https:\/\/www.tucomarca.com\/wordpress\/segunda\/wp-json\/wp\/v2\/media\/144575"}],"wp:attachment":[{"href":"https:\/\/www.tucomarca.com\/wordpress\/segunda\/wp-json\/wp\/v2\/media?parent=144574"}],"wp:term":[{"taxonomy":"category","embeddable":true,"href":"https:\/\/www.tucomarca.com\/wordpress\/segunda\/wp-json\/wp\/v2\/categories?post=144574"},{"taxonomy":"post_tag","embeddable":true,"href":"https:\/\/www.tucomarca.com\/wordpress\/segunda\/wp-json\/wp\/v2\/tags?post=144574"}],"curies":[{"name":"wp","href":"https:\/\/api.w.org\/{rel}","templated":true}]}}