{"id":144589,"date":"2021-11-23T13:05:00","date_gmt":"2021-11-23T12:05:00","guid":{"rendered":"http:\/\/www.tucomarca.com\/wordpress\/segunda\/?p=144589"},"modified":"2021-11-23T23:31:51","modified_gmt":"2021-11-23T22:31:51","slug":"vuelve-cultura-en-la-lomiquia-a-cheste-con-espectaculos-familiares-los-domingos","status":"publish","type":"post","link":"https:\/\/www.tucomarca.com\/wordpress\/segunda\/vuelve-cultura-en-la-lomiquia-a-cheste-con-espectaculos-familiares-los-domingos\/","title":{"rendered":"Vuelve Cultura en la Lomiquia a Cheste con espect\u00e1culos familiares los domingos"},"content":{"rendered":"\n<p>El pasado domingo, 21 de noviembre, se estrenaba un nuevo ciclo de Cultura en la Lomiquia, organizado por la concejal\u00eda de Cultura junto con Parques y Jardines, con la actuaci\u00f3n de <em>Dani Miquel i els Cantacan\u00e7ons. <\/em>El popular espect\u00e1culo entusiasm\u00f3 a peque\u00f1os y mayores que cantaron y bailaron canciones tradicionales como <em>Mon pare no t\u00e9 nas<\/em> o <em>La lluna i la pruna<\/em> y corearon conocidos temas del cantante como la <em>Can\u00e7\u00f3 dels colors<\/em> o <em>La princesa ratolina.<\/em><\/p>\n\n\n\n<p>\u201cCreo que la iniciativa Cultura en La Lomiquia ha tenido una buena acogida desde su inicio porque ofrece espect\u00e1culos para toda la familia, gratuitos y al aire libre en uno de nuestros entornos m\u00e1s apreciados\u201d, explica la concejala de Cultura, M\u00aa \u00c1ngeles Llorente. \u201cEl ciclo de invierno lo componen cuatro propuestas variadas de gran calidad que seguro que van a encantar a las familias\u201d.<\/p>\n\n\n\n<p>El pr\u00f3ximo domingo, 28 de noviembre, el \u00e1gora del parque de La Lomiquia acoger\u00e1 el musical de <em>La Ratita Presumida Rockstar<\/em>, de Saga Producciones; el domingo 5 de diciembre ser\u00e1 el turno de <em>Cuc\u00fa canta t\u00fa<\/em>, de Tr\u00e9bol Teatro; y el domingo 12 de diciembre se representar\u00e1 el musical <em>Pinocho<\/em>, de Trencad\u00eds Produccions. Todos los espect\u00e1culos comenzar\u00e1n a las 12:00.<\/p>\n\n\n\n<p>\u201cAgradezco a M\u00aa \u00c1ngeles el empe\u00f1o en poner en valor los espacios verdes de Cheste programando actividades culturales en ellos. En este caso, hemos querido atraer a la gente al parque de la Lomiquia, un lugar que queremos que cada vez disfrute m\u00e1s gente, siempre respetando el entorno\u201d, apunta el concejal de Parques y Jardines, David Pujals.<\/p>\n\n\n\n<figure class=\"wp-block-gallery columns-2 is-cropped wp-block-gallery-1 is-layout-flex wp-block-gallery-is-layout-flex\"><ul class=\"blocks-gallery-grid\"><li class=\"blocks-gallery-item\"><figure><img loading=\"lazy\" decoding=\"async\" width=\"1024\" height=\"682\" src=\"https:\/\/www.tucomarca.com\/wordpress\/segunda\/wp-content\/uploads\/2021\/11\/ChesteCulturaLomiquia_4-1024x682.jpg\" alt=\"\" data-id=\"144597\" data-full-url=\"https:\/\/www.tucomarca.com\/wordpress\/segunda\/wp-content\/uploads\/2021\/11\/ChesteCulturaLomiquia_4.jpg\" data-link=\"https:\/\/www.tucomarca.com\/wordpress\/segunda\/?attachment_id=144597\" class=\"wp-image-144597\" srcset=\"https:\/\/www.tucomarca.com\/wordpress\/segunda\/wp-content\/uploads\/2021\/11\/ChesteCulturaLomiquia_4-1024x682.jpg 1024w, https:\/\/www.tucomarca.com\/wordpress\/segunda\/wp-content\/uploads\/2021\/11\/ChesteCulturaLomiquia_4-300x200.jpg 300w, https:\/\/www.tucomarca.com\/wordpress\/segunda\/wp-content\/uploads\/2021\/11\/ChesteCulturaLomiquia_4-768x512.jpg 768w, https:\/\/www.tucomarca.com\/wordpress\/segunda\/wp-content\/uploads\/2021\/11\/ChesteCulturaLomiquia_4.jpg 1181w\" sizes=\"auto, (max-width: 1024px) 100vw, 1024px\" \/><\/figure><\/li><li class=\"blocks-gallery-item\"><figure><img loading=\"lazy\" decoding=\"async\" width=\"1024\" height=\"682\" src=\"https:\/\/www.tucomarca.com\/wordpress\/segunda\/wp-content\/uploads\/2021\/11\/ChesteCulturaLomiquia_5-1024x682.jpg\" alt=\"\" data-id=\"144595\" data-full-url=\"https:\/\/www.tucomarca.com\/wordpress\/segunda\/wp-content\/uploads\/2021\/11\/ChesteCulturaLomiquia_5.jpg\" data-link=\"https:\/\/www.tucomarca.com\/wordpress\/segunda\/?attachment_id=144595\" class=\"wp-image-144595\" srcset=\"https:\/\/www.tucomarca.com\/wordpress\/segunda\/wp-content\/uploads\/2021\/11\/ChesteCulturaLomiquia_5-1024x682.jpg 1024w, https:\/\/www.tucomarca.com\/wordpress\/segunda\/wp-content\/uploads\/2021\/11\/ChesteCulturaLomiquia_5-300x200.jpg 300w, https:\/\/www.tucomarca.com\/wordpress\/segunda\/wp-content\/uploads\/2021\/11\/ChesteCulturaLomiquia_5-768x512.jpg 768w, https:\/\/www.tucomarca.com\/wordpress\/segunda\/wp-content\/uploads\/2021\/11\/ChesteCulturaLomiquia_5.jpg 1181w\" sizes=\"auto, (max-width: 1024px) 100vw, 1024px\" \/><\/figure><\/li><li class=\"blocks-gallery-item\"><figure><img loading=\"lazy\" decoding=\"async\" width=\"1024\" height=\"682\" src=\"https:\/\/www.tucomarca.com\/wordpress\/segunda\/wp-content\/uploads\/2021\/11\/ChesteCulturaLomiquia_8-1024x682.jpg\" alt=\"\" data-id=\"144599\" data-full-url=\"https:\/\/www.tucomarca.com\/wordpress\/segunda\/wp-content\/uploads\/2021\/11\/ChesteCulturaLomiquia_8.jpg\" data-link=\"https:\/\/www.tucomarca.com\/wordpress\/segunda\/?attachment_id=144599\" class=\"wp-image-144599\" srcset=\"https:\/\/www.tucomarca.com\/wordpress\/segunda\/wp-content\/uploads\/2021\/11\/ChesteCulturaLomiquia_8-1024x682.jpg 1024w, https:\/\/www.tucomarca.com\/wordpress\/segunda\/wp-content\/uploads\/2021\/11\/ChesteCulturaLomiquia_8-300x200.jpg 300w, https:\/\/www.tucomarca.com\/wordpress\/segunda\/wp-content\/uploads\/2021\/11\/ChesteCulturaLomiquia_8-768x512.jpg 768w, https:\/\/www.tucomarca.com\/wordpress\/segunda\/wp-content\/uploads\/2021\/11\/ChesteCulturaLomiquia_8.jpg 1181w\" sizes=\"auto, (max-width: 1024px) 100vw, 1024px\" \/><\/figure><\/li><\/ul><\/figure>\n","protected":false},"excerpt":{"rendered":"<div class=\"mh-excerpt\">El pasado domingo, 21 de noviembre, se estrenaba un nuevo ciclo de Cultura en la Lomiquia, organizado por la concejal\u00eda de Cultura junto con Parques y Jardines, con la actuaci\u00f3n de Dani Miquel i els <a class=\"mh-excerpt-more\" href=\"https:\/\/www.tucomarca.com\/wordpress\/segunda\/vuelve-cultura-en-la-lomiquia-a-cheste-con-espectaculos-familiares-los-domingos\/\" title=\"Vuelve Cultura en la Lomiquia a Cheste con espect\u00e1culos familiares los domingos\">[+] <\/a><\/div>\n","protected":false},"author":12,"featured_media":144593,"comment_status":"open","ping_status":"open","sticky":false,"template":"","format":"standard","meta":{"footnotes":""},"categories":[17,8,10,7,3],"tags":[339,12942,5952],"class_list":{"0":"post-144589","1":"post","2":"type-post","3":"status-publish","4":"format-standard","5":"has-post-thumbnail","7":"category-cheste","8":"category-la-comarca","9":"category-la-hoya","10":"category-ocio-y-cultura","11":"category-seccion","12":"tag-cheste-2","13":"tag-cultura-en-la-lomiquia","14":"tag-la-hoya-de-bunol-chiva"},"_links":{"self":[{"href":"https:\/\/www.tucomarca.com\/wordpress\/segunda\/wp-json\/wp\/v2\/posts\/144589","targetHints":{"allow":["GET"]}}],"collection":[{"href":"https:\/\/www.tucomarca.com\/wordpress\/segunda\/wp-json\/wp\/v2\/posts"}],"about":[{"href":"https:\/\/www.tucomarca.com\/wordpress\/segunda\/wp-json\/wp\/v2\/types\/post"}],"author":[{"embeddable":true,"href":"https:\/\/www.tucomarca.com\/wordpress\/segunda\/wp-json\/wp\/v2\/users\/12"}],"replies":[{"embeddable":true,"href":"https:\/\/www.tucomarca.com\/wordpress\/segunda\/wp-json\/wp\/v2\/comments?post=144589"}],"version-history":[{"count":0,"href":"https:\/\/www.tucomarca.com\/wordpress\/segunda\/wp-json\/wp\/v2\/posts\/144589\/revisions"}],"wp:featuredmedia":[{"embeddable":true,"href":"https:\/\/www.tucomarca.com\/wordpress\/segunda\/wp-json\/wp\/v2\/media\/144593"}],"wp:attachment":[{"href":"https:\/\/www.tucomarca.com\/wordpress\/segunda\/wp-json\/wp\/v2\/media?parent=144589"}],"wp:term":[{"taxonomy":"category","embeddable":true,"href":"https:\/\/www.tucomarca.com\/wordpress\/segunda\/wp-json\/wp\/v2\/categories?post=144589"},{"taxonomy":"post_tag","embeddable":true,"href":"https:\/\/www.tucomarca.com\/wordpress\/segunda\/wp-json\/wp\/v2\/tags?post=144589"}],"curies":[{"name":"wp","href":"https:\/\/api.w.org\/{rel}","templated":true}]}}