{"id":144623,"date":"2021-11-23T13:00:00","date_gmt":"2021-11-23T12:00:00","guid":{"rendered":"http:\/\/www.tucomarca.com\/wordpress\/segunda\/?p=144623"},"modified":"2021-11-23T23:22:12","modified_gmt":"2021-11-23T22:22:12","slug":"radio-bunol-tv-y-el-ies-hoya-de-bunol-estrechan-lazos-colaborativos-para-mejorar-la-educacion-de-sus-alumnos-y-aumentar-la-presencia-de-jovenes-en-la-radio-municipal","status":"publish","type":"post","link":"https:\/\/www.tucomarca.com\/wordpress\/segunda\/radio-bunol-tv-y-el-ies-hoya-de-bunol-estrechan-lazos-colaborativos-para-mejorar-la-educacion-de-sus-alumnos-y-aumentar-la-presencia-de-jovenes-en-la-radio-municipal\/","title":{"rendered":"Radio Bu\u00f1ol TV y el IES Hoya de Bu\u00f1ol estrechan lazos colaborativos para mejorar la educaci\u00f3n de sus alumnos y aumentar la presencia de j\u00f3venes en la radio municipal"},"content":{"rendered":"\n<p>Radio Bu\u00f1ol TV y el IES Hoya de Bu\u00f1ol acaban de hacer p\u00fablica una serie de colaboraciones en materia comunicativa y audiovisual estrechando lazos con el fin de mejorar la educaci\u00f3n de este prestigioso instituto de educaci\u00f3n secundaria, especialmente en la especialidad de Bachillerato Art\u00edstico, donde se imparte la asignatura de Comunicaci\u00f3n Audiovisual.<\/p>\n\n\n\n<p>Pep Soler, Jefe de Estudios del IES Hoya de Bu\u00f1ol, se ha mostrado muy satisfecho por esta coordinaci\u00f3n en materia de difusi\u00f3n de contenidos porque mejorar\u00e1 y ampliar\u00e1 la educaci\u00f3n de los alumnos, conociendo de cerca las instalaciones de la radio municipal Radio Bu\u00f1ol TV o realizando programas de radio y televisi\u00f3n. Al mismo tiempo los t\u00e9cnicos de Radio Bu\u00f1ol TV tambi\u00e9n editar\u00e1n diversos v\u00eddeos que ser\u00e1n grabados por los alumnos de este instituto sobre diversas tem\u00e1ticas. Ellos elaboran el gui\u00f3n y el t\u00e9cnico de esta radio, Ra\u00fal Mart\u00ednez, edita sus v\u00eddeos para subirlos por redes tanto del IES como de Radio Bu\u00f1ol TV y la propia web del Ayuntamiento.<\/p>\n\n\n\n<p>Esta colaboraci\u00f3n arranc\u00f3 tras una charla en el IES Hoya de Bu\u00f1ol donde estuvo presente el Concejal de Comunicaci\u00f3n, Manuel Sierra; el Director de este instituto, Gabriel Corach\u00e1n; Jos\u00e9 Antonio Mart\u00ednez, Vicedirector; la periodista de Radio Bu\u00f1ol TV, Pilar Criado; y Pep Soler, Jefe de Estudios del IES. Se trata de una propuesta consensuada en el \u00faltimo consejo de radiodifusi\u00f3n, celebrado en el mes de mayo, y que busca potenciar la presencia de j\u00f3venes en esta radio.&nbsp;<\/p>\n\n\n\n<p>En esta temporada que se arranc\u00f3 el 1 de octubre hay diversos programas realizados por j\u00f3venes del municipio, adem\u00e1s de un programa al a\u00f1o que confeccionan directamente alumnos de la asignatura de Comunicaci\u00f3n Audiovisual y que realizan en directo en los estudios radiof\u00f3nicos. Esta colaboraci\u00f3n incrementa los lazos comunicativos entre entidades sociales del municipio, adem\u00e1s de mejorar la presencia de los j\u00f3venes en las instituciones y en la vida p\u00fablica de Bu\u00f1ol.&nbsp;<\/p>\n","protected":false},"excerpt":{"rendered":"<div class=\"mh-excerpt\">Radio Bu\u00f1ol TV y el IES Hoya de Bu\u00f1ol acaban de hacer p\u00fablica una serie de colaboraciones en materia comunicativa y audiovisual estrechando lazos con el fin de mejorar la educaci\u00f3n de este prestigioso instituto <a class=\"mh-excerpt-more\" href=\"https:\/\/www.tucomarca.com\/wordpress\/segunda\/radio-bunol-tv-y-el-ies-hoya-de-bunol-estrechan-lazos-colaborativos-para-mejorar-la-educacion-de-sus-alumnos-y-aumentar-la-presencia-de-jovenes-en-la-radio-municipal\/\" title=\"Radio Bu\u00f1ol TV y el IES Hoya de Bu\u00f1ol estrechan lazos colaborativos para mejorar la educaci\u00f3n de sus alumnos y aumentar la presencia de j\u00f3venes en la radio municipal\">[+] <\/a><\/div>\n","protected":false},"author":12,"featured_media":105791,"comment_status":"open","ping_status":"open","sticky":false,"template":"","format":"standard","meta":{"footnotes":""},"categories":[18,128,8,10,3],"tags":[10385,11732,5952,12138],"class_list":{"0":"post-144623","1":"post","2":"type-post","3":"status-publish","4":"format-standard","5":"has-post-thumbnail","7":"category-bunol","8":"category-infraestructuras","9":"category-la-comarca","10":"category-la-hoya","11":"category-seccion","12":"tag-bunol","13":"tag-ies-hoya-de-bunol","14":"tag-la-hoya-de-bunol-chiva","15":"tag-radio-bunol-tv"},"_links":{"self":[{"href":"https:\/\/www.tucomarca.com\/wordpress\/segunda\/wp-json\/wp\/v2\/posts\/144623","targetHints":{"allow":["GET"]}}],"collection":[{"href":"https:\/\/www.tucomarca.com\/wordpress\/segunda\/wp-json\/wp\/v2\/posts"}],"about":[{"href":"https:\/\/www.tucomarca.com\/wordpress\/segunda\/wp-json\/wp\/v2\/types\/post"}],"author":[{"embeddable":true,"href":"https:\/\/www.tucomarca.com\/wordpress\/segunda\/wp-json\/wp\/v2\/users\/12"}],"replies":[{"embeddable":true,"href":"https:\/\/www.tucomarca.com\/wordpress\/segunda\/wp-json\/wp\/v2\/comments?post=144623"}],"version-history":[{"count":0,"href":"https:\/\/www.tucomarca.com\/wordpress\/segunda\/wp-json\/wp\/v2\/posts\/144623\/revisions"}],"wp:featuredmedia":[{"embeddable":true,"href":"https:\/\/www.tucomarca.com\/wordpress\/segunda\/wp-json\/wp\/v2\/media\/105791"}],"wp:attachment":[{"href":"https:\/\/www.tucomarca.com\/wordpress\/segunda\/wp-json\/wp\/v2\/media?parent=144623"}],"wp:term":[{"taxonomy":"category","embeddable":true,"href":"https:\/\/www.tucomarca.com\/wordpress\/segunda\/wp-json\/wp\/v2\/categories?post=144623"},{"taxonomy":"post_tag","embeddable":true,"href":"https:\/\/www.tucomarca.com\/wordpress\/segunda\/wp-json\/wp\/v2\/tags?post=144623"}],"curies":[{"name":"wp","href":"https:\/\/api.w.org\/{rel}","templated":true}]}}