{"id":14463,"date":"2013-05-20T18:17:18","date_gmt":"2013-05-20T17:17:18","guid":{"rendered":"http:\/\/www.tucomarca.com\/wordpress\/segunda\/?p=14463"},"modified":"2013-05-20T18:17:18","modified_gmt":"2013-05-20T17:17:18","slug":"la-pobla-abre-su-aula-nocturna-en-la-biblioteca-durante-todo-el-periodo-de-examenes","status":"publish","type":"post","link":"https:\/\/www.tucomarca.com\/wordpress\/segunda\/la-pobla-abre-su-aula-nocturna-en-la-biblioteca-durante-todo-el-periodo-de-examenes\/","title":{"rendered":"La Pobla abre su aula nocturna en la biblioteca durante todo el periodo de ex\u00e1menes"},"content":{"rendered":"<figure id=\"attachment_14464\" aria-describedby=\"caption-attachment-14464\" style=\"width: 300px\" class=\"wp-caption alignleft\"><a href=\"https:\/\/www.tucomarca.com\/wordpress\/segunda\/wp-content\/uploads\/2013\/05\/biblio.jpg\"><img loading=\"lazy\" decoding=\"async\" class=\"size-medium wp-image-14464\" title=\"biblio\" src=\"https:\/\/www.tucomarca.com\/wordpress\/segunda\/wp-content\/uploads\/2013\/05\/biblio-300x202.jpg\" alt=\"Los estudiantes tiene de nuevo este servicio a su disposici\u00f3n.\" width=\"300\" height=\"202\" srcset=\"https:\/\/www.tucomarca.com\/wordpress\/segunda\/wp-content\/uploads\/2013\/05\/biblio-300x202.jpg 300w, https:\/\/www.tucomarca.com\/wordpress\/segunda\/wp-content\/uploads\/2013\/05\/biblio-1024x689.jpg 1024w, https:\/\/www.tucomarca.com\/wordpress\/segunda\/wp-content\/uploads\/2013\/05\/biblio.jpg 1532w\" sizes=\"auto, (max-width: 300px) 100vw, 300px\" \/><\/a><figcaption id=\"caption-attachment-14464\" class=\"wp-caption-text\">Los estudiantes tiene de nuevo este servicio a su disposici\u00f3n.<\/figcaption><\/figure>\n<p>La Biblioteca Municipal de la Pobla de Vallbona ha ampliado sus servicios para los estudiantes. De cara al periodo de ex\u00e1menes se ha vuelto ha habilitar el aula nocturna. Desde hoy y hasta el 28 de junio, se pone a disposici\u00f3n de los usuarios una sala dedicada exclusivamente para el estudio.<\/p>\n<p>De esta manera, el aula polivalente de la Casa de la Cultura, sala colindante a la biblioteca, se ha habilitado como aula nocturna. Estar\u00e1 disponible de lunes a jueves, desde las 22 horas de la noche hasta las 8 de la ma\u00f1ana, adem\u00e1s del s\u00e1bado por la tarde y las 24 horas del domingo.<\/p>\n<p>Los \u00fanicos requisitos son tener 18 a\u00f1os o m\u00e1s y estar empadronado en la Pobla de Vallbona. Es necesario inscribirse para tener un carnet de usuario del aula nocturna, con el fin de controlar la afluencia de personas. La sala ya se abri\u00f3 por primera vez durante el mes de junio del pasado a\u00f1o y tambi\u00e9n el mes de enero de este mismo a\u00f1o, con gran aceptaci\u00f3n por parte de los estudiantes.<\/p>\n<p>De esta manera, la ampliaci\u00f3n del servicio supone que haya salas de estudio en dependencias municipales pr\u00e1cticamente 24 horas al d\u00eda al servicio de los estudiantes del municipio, ya que cuando no est\u00e1 abierta la biblioteca, est\u00e1 disponible el aula nocturna.<\/p>\n<p>&nbsp;<\/p>\n","protected":false},"excerpt":{"rendered":"<div class=\"mh-excerpt\">La Biblioteca Municipal de la Pobla de Vallbona ha ampliado sus servicios para los estudiantes. De cara al periodo de ex\u00e1menes se ha vuelto ha habilitar el aula nocturna. Desde hoy y hasta el 28 <a class=\"mh-excerpt-more\" href=\"https:\/\/www.tucomarca.com\/wordpress\/segunda\/la-pobla-abre-su-aula-nocturna-en-la-biblioteca-durante-todo-el-periodo-de-examenes\/\" title=\"La Pobla abre su aula nocturna en la biblioteca durante todo el periodo de ex\u00e1menes\">[+] <\/a><\/div>\n","protected":false},"author":1,"featured_media":14464,"comment_status":"open","ping_status":"open","sticky":false,"template":"","format":"standard","meta":{"footnotes":""},"categories":[46,174,7,3,45],"tags":[],"class_list":{"0":"post-14463","1":"post","2":"type-post","3":"status-publish","4":"format-standard","5":"has-post-thumbnail","7":"category-camp-de-turia","8":"category-la-pobla","9":"category-ocio-y-cultura","10":"category-seccion","11":"category-ventana"},"_links":{"self":[{"href":"https:\/\/www.tucomarca.com\/wordpress\/segunda\/wp-json\/wp\/v2\/posts\/14463","targetHints":{"allow":["GET"]}}],"collection":[{"href":"https:\/\/www.tucomarca.com\/wordpress\/segunda\/wp-json\/wp\/v2\/posts"}],"about":[{"href":"https:\/\/www.tucomarca.com\/wordpress\/segunda\/wp-json\/wp\/v2\/types\/post"}],"author":[{"embeddable":true,"href":"https:\/\/www.tucomarca.com\/wordpress\/segunda\/wp-json\/wp\/v2\/users\/1"}],"replies":[{"embeddable":true,"href":"https:\/\/www.tucomarca.com\/wordpress\/segunda\/wp-json\/wp\/v2\/comments?post=14463"}],"version-history":[{"count":0,"href":"https:\/\/www.tucomarca.com\/wordpress\/segunda\/wp-json\/wp\/v2\/posts\/14463\/revisions"}],"wp:featuredmedia":[{"embeddable":true,"href":"https:\/\/www.tucomarca.com\/wordpress\/segunda\/wp-json\/wp\/v2\/media\/14464"}],"wp:attachment":[{"href":"https:\/\/www.tucomarca.com\/wordpress\/segunda\/wp-json\/wp\/v2\/media?parent=14463"}],"wp:term":[{"taxonomy":"category","embeddable":true,"href":"https:\/\/www.tucomarca.com\/wordpress\/segunda\/wp-json\/wp\/v2\/categories?post=14463"},{"taxonomy":"post_tag","embeddable":true,"href":"https:\/\/www.tucomarca.com\/wordpress\/segunda\/wp-json\/wp\/v2\/tags?post=14463"}],"curies":[{"name":"wp","href":"https:\/\/api.w.org\/{rel}","templated":true}]}}