{"id":14466,"date":"2013-05-20T18:18:23","date_gmt":"2013-05-20T17:18:23","guid":{"rendered":"http:\/\/www.tucomarca.com\/wordpress\/segunda\/?p=14466"},"modified":"2013-05-20T18:18:23","modified_gmt":"2013-05-20T17:18:23","slug":"25-alumnos-participan-en-chiva-en-el-plan-de-reciclaje-profesional-para-la-construccion","status":"publish","type":"post","link":"https:\/\/www.tucomarca.com\/wordpress\/segunda\/25-alumnos-participan-en-chiva-en-el-plan-de-reciclaje-profesional-para-la-construccion\/","title":{"rendered":"25 alumnos participan en Chiva en el Plan de Reciclaje Profesional para la construcci\u00f3n"},"content":{"rendered":"<figure id=\"attachment_14467\" aria-describedby=\"caption-attachment-14467\" style=\"width: 300px\" class=\"wp-caption alignleft\"><a href=\"https:\/\/www.tucomarca.com\/wordpress\/segunda\/wp-content\/uploads\/2013\/05\/17052013786.jpg\"><img loading=\"lazy\" decoding=\"async\" class=\"size-medium wp-image-14467\" title=\"17052013786\" src=\"https:\/\/www.tucomarca.com\/wordpress\/segunda\/wp-content\/uploads\/2013\/05\/17052013786-300x225.jpg\" alt=\"Son 25 los participantes en el programa en Chiva.\" width=\"300\" height=\"225\" srcset=\"https:\/\/www.tucomarca.com\/wordpress\/segunda\/wp-content\/uploads\/2013\/05\/17052013786-300x225.jpg 300w, https:\/\/www.tucomarca.com\/wordpress\/segunda\/wp-content\/uploads\/2013\/05\/17052013786.jpg 640w\" sizes=\"auto, (max-width: 300px) 100vw, 300px\" \/><\/a><figcaption id=\"caption-attachment-14467\" class=\"wp-caption-text\">Son 25 los participantes en el programa en Chiva.<\/figcaption><\/figure>\n<p>Un total de\u00a025 alumnos est\u00e1n participando en los cursos pr\u00e1cticos organizados por la Fundaci\u00f3n Grupo Puma, en colaboraci\u00f3n con el Ayuntamiento, dentro del Plan de Reciclaje Profesional para el sector de la construcci\u00f3n.<\/p>\n<p>El curso consta de 25 horas de formaci\u00f3n y se est\u00e1 desarrollando durante todo el mes de mayo, donde los alumnos est\u00e1n aprendiendo diferentes t\u00e9cnicas como morteros de cal hidr\u00e1ulica (Gama Morcem Cal), estucos de cal a\u00e9rea (Gama Morcem Estuco), morteros texturados \u2013 Monocapa impreso (Morcem Texture), mortero por\u00f3geno para la eliminaci\u00f3n de humedades por capilaridad (MorcemRest Mur) y hormig\u00f3n drenante (Paviland Drenante), entre otras muchas cosas.<\/p>\n<p>Con estos cursos, dirigidos a desempleados del sector de la construcci\u00f3n, se pretende ense\u00f1arles nuevos sistemas constructivos y actualizar sus conocimientos con la finalidad de conseguir un reciclaje de estos trabajadores, de manera que puedan mejorar su empleabilidad reorientando sus carreras profesionales hacia subsectores con una mayor salida.<\/p>\n<p>El Ayuntamiento de Chiva y la Fundaci\u00f3n Grupo Puma, ligada al sector de la construcci\u00f3n, firmaron, hace unas semanas,\u00a0 un convenio de colaboraci\u00f3n para la puesta en marcha de este Plan de Reciclaje Profesional.<\/p>\n<p>&nbsp;<\/p>\n","protected":false},"excerpt":{"rendered":"<div class=\"mh-excerpt\">Un total de\u00a025 alumnos est\u00e1n participando en los cursos pr\u00e1cticos organizados por la Fundaci\u00f3n Grupo Puma, en colaboraci\u00f3n con el Ayuntamiento, dentro del Plan de Reciclaje Profesional para el sector de la construcci\u00f3n. El curso <a class=\"mh-excerpt-more\" href=\"https:\/\/www.tucomarca.com\/wordpress\/segunda\/25-alumnos-participan-en-chiva-en-el-plan-de-reciclaje-profesional-para-la-construccion\/\" title=\"25 alumnos participan en Chiva en el Plan de Reciclaje Profesional para la construcci\u00f3n\">[+] <\/a><\/div>\n","protected":false},"author":1,"featured_media":14467,"comment_status":"open","ping_status":"open","sticky":false,"template":"","format":"standard","meta":{"footnotes":""},"categories":[16,8,10,3],"tags":[],"class_list":{"0":"post-14466","1":"post","2":"type-post","3":"status-publish","4":"format-standard","5":"has-post-thumbnail","7":"category-chiva","8":"category-la-comarca","9":"category-la-hoya","10":"category-seccion"},"_links":{"self":[{"href":"https:\/\/www.tucomarca.com\/wordpress\/segunda\/wp-json\/wp\/v2\/posts\/14466","targetHints":{"allow":["GET"]}}],"collection":[{"href":"https:\/\/www.tucomarca.com\/wordpress\/segunda\/wp-json\/wp\/v2\/posts"}],"about":[{"href":"https:\/\/www.tucomarca.com\/wordpress\/segunda\/wp-json\/wp\/v2\/types\/post"}],"author":[{"embeddable":true,"href":"https:\/\/www.tucomarca.com\/wordpress\/segunda\/wp-json\/wp\/v2\/users\/1"}],"replies":[{"embeddable":true,"href":"https:\/\/www.tucomarca.com\/wordpress\/segunda\/wp-json\/wp\/v2\/comments?post=14466"}],"version-history":[{"count":0,"href":"https:\/\/www.tucomarca.com\/wordpress\/segunda\/wp-json\/wp\/v2\/posts\/14466\/revisions"}],"wp:featuredmedia":[{"embeddable":true,"href":"https:\/\/www.tucomarca.com\/wordpress\/segunda\/wp-json\/wp\/v2\/media\/14467"}],"wp:attachment":[{"href":"https:\/\/www.tucomarca.com\/wordpress\/segunda\/wp-json\/wp\/v2\/media?parent=14466"}],"wp:term":[{"taxonomy":"category","embeddable":true,"href":"https:\/\/www.tucomarca.com\/wordpress\/segunda\/wp-json\/wp\/v2\/categories?post=14466"},{"taxonomy":"post_tag","embeddable":true,"href":"https:\/\/www.tucomarca.com\/wordpress\/segunda\/wp-json\/wp\/v2\/tags?post=14466"}],"curies":[{"name":"wp","href":"https:\/\/api.w.org\/{rel}","templated":true}]}}