{"id":14469,"date":"2013-05-20T18:25:12","date_gmt":"2013-05-20T17:25:12","guid":{"rendered":"http:\/\/www.tucomarca.com\/wordpress\/segunda\/?p=14469"},"modified":"2013-05-20T18:25:12","modified_gmt":"2013-05-20T17:25:12","slug":"la-mancomunitat-del-camp-de-turia-acoge-el-vi-encuentro-de-mancomunidades-de-la-comunitat","status":"publish","type":"post","link":"https:\/\/www.tucomarca.com\/wordpress\/segunda\/la-mancomunitat-del-camp-de-turia-acoge-el-vi-encuentro-de-mancomunidades-de-la-comunitat\/","title":{"rendered":"La Mancomunitat del Camp de T\u00faria acoge el VI Encuentro de mancomunidades de la Comunitat"},"content":{"rendered":"<figure id=\"attachment_14470\" aria-describedby=\"caption-attachment-14470\" style=\"width: 300px\" class=\"wp-caption alignleft\"><a href=\"https:\/\/www.tucomarca.com\/wordpress\/segunda\/wp-content\/uploads\/2013\/05\/mancomunitat.jpg\"><img loading=\"lazy\" decoding=\"async\" class=\"size-medium wp-image-14470\" title=\"mancomunitat\" src=\"https:\/\/www.tucomarca.com\/wordpress\/segunda\/wp-content\/uploads\/2013\/05\/mancomunitat-300x247.jpg\" alt=\"La sede de la mancomunitat acoger\u00e1 este encuentro de toda la Comunitat.\" width=\"300\" height=\"247\" srcset=\"https:\/\/www.tucomarca.com\/wordpress\/segunda\/wp-content\/uploads\/2013\/05\/mancomunitat-300x247.jpg 300w, https:\/\/www.tucomarca.com\/wordpress\/segunda\/wp-content\/uploads\/2013\/05\/mancomunitat-1024x844.jpg 1024w, https:\/\/www.tucomarca.com\/wordpress\/segunda\/wp-content\/uploads\/2013\/05\/mancomunitat.jpg 1050w\" sizes=\"auto, (max-width: 300px) 100vw, 300px\" \/><\/a><figcaption id=\"caption-attachment-14470\" class=\"wp-caption-text\">La sede de la mancomunitat acoger\u00e1 este encuentro de toda la Comunitat.<\/figcaption><\/figure>\n<p>Este pr\u00f3ximo mi\u00e9rcoles, 22 de mayo, la Mancomunitat del Camp de T\u00faria albergar\u00e1 el VI Encuentro de Mancomunidades. Ser\u00e1 en Ll\u00edria, y a \u00e9l est\u00e1n invitadas todas las mancomunidades existentes en la Comunidad.<\/p>\n<p>Tal como han informado fuentes de la entidad, se trata de una gran oportunidad para facilitar el intercambio de experiencias entre mancomunidades as\u00ed como la posibilidad de tratar temas de m\u00e1xima actualidad como el Anteproyecto de Ley de Racionalizaci\u00f3n y Sostenibilidad a la Administraci\u00f3n Local y su repercusi\u00f3n en las Mancomunidades.<\/p>\n<p>En el encuentro se producir\u00e1 ese necesario contacto entre los representantes pol\u00edticos y los t\u00e9cnicos de las mancomunidades para poner en com\u00fan sus tareas y mejorar en los aspectos que trabajan de forma m\u00e1s directa.<\/p>\n<p>El encuentro se iniciar\u00e1 a las 10 de la ma\u00f1ana. Se formar\u00e1n grupos de trabajo de cada rama, que trabajar\u00e1n conjuntamente. Destaca la mesa redonda que habr\u00e1 a les 13 horas sobre el anteproyecto de Ley de Racionalizaci\u00f3n y Sostenibilidad de la Administraci\u00f3n Local y de las Mancomunidades de Municipios.<\/p>\n<p>La presidenta de la Mancomunidad del Camp de T\u00faria, Mari Carmen Contelles, ha destacado que \u201ceste encuentro ser\u00e1 muy importante para seguir mejorando nuestra labor. Y es que en la Comunitat Valenciana se han creado en 30 a\u00f1os, 60 mancomunidades de Ayuntamientos que han permitido conjugar el actual mapa municipal con una mayor capacidad gestora. Nuestro objetivo es claro: fortalecer las mancomunidades como un instrumento vertebrador del territorio para un mejor desarrollo sostenible, en especial en aquellas zonas que cuentan con menor poblaci\u00f3n, proporcionando igualdad en la prestaci\u00f3n de los servicios, y mejorando la calidad de vida de los ciudadanos.\u201d<\/p>\n","protected":false},"excerpt":{"rendered":"<div class=\"mh-excerpt\">Este pr\u00f3ximo mi\u00e9rcoles, 22 de mayo, la Mancomunitat del Camp de T\u00faria albergar\u00e1 el VI Encuentro de Mancomunidades. Ser\u00e1 en Ll\u00edria, y a \u00e9l est\u00e1n invitadas todas las mancomunidades existentes en la Comunidad. Tal como <a class=\"mh-excerpt-more\" href=\"https:\/\/www.tucomarca.com\/wordpress\/segunda\/la-mancomunitat-del-camp-de-turia-acoge-el-vi-encuentro-de-mancomunidades-de-la-comunitat\/\" title=\"La Mancomunitat del Camp de T\u00faria acoge el VI Encuentro de mancomunidades de la Comunitat\">[+] <\/a><\/div>\n","protected":false},"author":1,"featured_media":14470,"comment_status":"open","ping_status":"open","sticky":false,"template":"","format":"standard","meta":{"footnotes":""},"categories":[46,8,47,3,45],"tags":[],"class_list":{"0":"post-14469","1":"post","2":"type-post","3":"status-publish","4":"format-standard","5":"has-post-thumbnail","7":"category-camp-de-turia","8":"category-la-comarca","9":"category-lliria","10":"category-seccion","11":"category-ventana"},"_links":{"self":[{"href":"https:\/\/www.tucomarca.com\/wordpress\/segunda\/wp-json\/wp\/v2\/posts\/14469","targetHints":{"allow":["GET"]}}],"collection":[{"href":"https:\/\/www.tucomarca.com\/wordpress\/segunda\/wp-json\/wp\/v2\/posts"}],"about":[{"href":"https:\/\/www.tucomarca.com\/wordpress\/segunda\/wp-json\/wp\/v2\/types\/post"}],"author":[{"embeddable":true,"href":"https:\/\/www.tucomarca.com\/wordpress\/segunda\/wp-json\/wp\/v2\/users\/1"}],"replies":[{"embeddable":true,"href":"https:\/\/www.tucomarca.com\/wordpress\/segunda\/wp-json\/wp\/v2\/comments?post=14469"}],"version-history":[{"count":0,"href":"https:\/\/www.tucomarca.com\/wordpress\/segunda\/wp-json\/wp\/v2\/posts\/14469\/revisions"}],"wp:featuredmedia":[{"embeddable":true,"href":"https:\/\/www.tucomarca.com\/wordpress\/segunda\/wp-json\/wp\/v2\/media\/14470"}],"wp:attachment":[{"href":"https:\/\/www.tucomarca.com\/wordpress\/segunda\/wp-json\/wp\/v2\/media?parent=14469"}],"wp:term":[{"taxonomy":"category","embeddable":true,"href":"https:\/\/www.tucomarca.com\/wordpress\/segunda\/wp-json\/wp\/v2\/categories?post=14469"},{"taxonomy":"post_tag","embeddable":true,"href":"https:\/\/www.tucomarca.com\/wordpress\/segunda\/wp-json\/wp\/v2\/tags?post=14469"}],"curies":[{"name":"wp","href":"https:\/\/api.w.org\/{rel}","templated":true}]}}