{"id":14494,"date":"2013-05-21T13:01:24","date_gmt":"2013-05-21T12:01:24","guid":{"rendered":"http:\/\/www.tucomarca.com\/wordpress\/segunda\/?p=14494"},"modified":"2013-05-25T10:31:37","modified_gmt":"2013-05-25T09:31:37","slug":"los-alcaldes-piden-ayuda-a-alfonso-rus-para-garantizar-la-apertura-de-17-zonas-de-acampada","status":"publish","type":"post","link":"https:\/\/www.tucomarca.com\/wordpress\/segunda\/los-alcaldes-piden-ayuda-a-alfonso-rus-para-garantizar-la-apertura-de-17-zonas-de-acampada\/","title":{"rendered":"Los alcaldes piden ayuda a Alfonso Rus para garantizar la apertura de 17 zonas de acampada"},"content":{"rendered":"<figure id=\"attachment_14495\" aria-describedby=\"caption-attachment-14495\" style=\"width: 300px\" class=\"wp-caption alignleft\"><a rel=\"attachment wp-att-14495\" href=\"https:\/\/www.tucomarca.com\/wordpress\/segunda\/?attachment_id=14495\"><img loading=\"lazy\" decoding=\"async\" class=\"size-medium wp-image-14495\" title=\"acampadas\" src=\"https:\/\/www.tucomarca.com\/wordpress\/segunda\/wp-content\/uploads\/2013\/05\/acampadas-300x146.jpg\" alt=\"\" width=\"300\" height=\"146\" srcset=\"https:\/\/www.tucomarca.com\/wordpress\/segunda\/wp-content\/uploads\/2013\/05\/acampadas-300x146.jpg 300w, https:\/\/www.tucomarca.com\/wordpress\/segunda\/wp-content\/uploads\/2013\/05\/acampadas-1024x501.jpg 1024w\" sizes=\"auto, (max-width: 300px) 100vw, 300px\" \/><\/a><figcaption id=\"caption-attachment-14495\" class=\"wp-caption-text\">Reuni\u00f3n mantenida entre Rus y los alcaldes interesados en potenciar las acampadas. tc.c<\/figcaption><\/figure>\n<p>Alcaldes de la provincia de Valencia han pedido ayuda al presidente de la Diputaci\u00f3n de Valencia, Alfonso Rus, para el mantenimiento y la recogida de basuras de sus zonas de acampada. El presidente provincial ha mantenido un encuentro con los 16 representantes de los municipios que conforman el proyecto Senda Verde  y que engloba 17 espacios habilitados para camping, debido a su preocupaci\u00f3n ante las dificultades de abrir estas zonas de ocio durante el periodo estival puesto que este a\u00f1o la Generalitat Valenciana no podr\u00e1 hacerse cargo de esas tareas, como ven\u00eda haciendo con anterioridad. A la reuni\u00f3n ha acudido tambi\u00e9n el diputado de Medio Ambiente, Salvador Enguix, y el jefe de servicio, Emilio Sanchis.<\/p>\n<p>&nbsp;<\/p>\n<p>Seg\u00fan ha explicado Alfonso Rus, la Diputaci\u00f3n de Valencia otorgar\u00e1 ayudas econ\u00f3micas a las poblaciones \u201cpara que se puedan hacer cargo de las tareas de mantenimiento, limpieza, recogidas de residuos y dep\u00f3sito de los mismos en los vertederos durante la temporada de verano\u201d.<\/p>\n<p>\u201cLes ayudaremos para que sus zonas de ocio est\u00e9n limpias y puedan acoger a turistas y visitantes y contin\u00fae gener\u00e1ndose la actividad econ\u00f3mica de todos los veranos\u201d, ha explicado el presidente provincial, quien tambi\u00e9n ha anticipado que la Diputaci\u00f3n \u201cest\u00e1 dispuesta a asumir los costes de esos servicios mediante un convenio con la Generalitat Valenciana de forma temporal\u201d, ha a\u00f1adido.<\/p>\n<p>En este sentido, el responsable provincial ha declarado que la labor de la Diputaci\u00f3n de Valencia se centra en \u201cayudar a todos los municipios de la provincia y si son peque\u00f1os, mejor\u201d.<\/p>\n<p>Esta inquietud de los alcaldes se ha visto aquietada con las palabras del representante provincial por lo que han valorado positivamente la disposici\u00f3n de la entidad provincial de hacer frente a los gastos de los servicios de mantenimiento y limpieza de estas zonas de acampada.<\/p>\n<p>Creaci\u00f3n de empleo<br \/>\nLa alcaldesa de Navarr\u00e9s, Estela Darocas, se ha mostrado optimista con esta soluci\u00f3n ya que \u201cpodremos soportar el coste de este servicio para mantener la apertura de unas zonas fundamentales para los municipios y, adem\u00e1s, fomentar\u00e1 la creaci\u00f3n de empleo puesto que podremos contratar a los vecinos desempleados para ejecutar estas tareas\u201d.<\/p>\n<p>\u201cEn estos momentos delicados, los pueblos de interior nos estamos encauzando hacia el turismo rural, nos aporta un beneficio y una mejora de la econom\u00eda local\u201d, ha finalizado Darocas.<\/p>\n<p>Las zonas de acampada de las que se har\u00e1 cargo la entidad provincial de su mantenimiento son las siguientes: Font de Mariola (Bocairent), Las Moratillas (Bu\u00f1ol), J\u00f3rgola (Dome\u00f1o), Fuente las Arenas (Enguera), El Regajo (Font de la Figuera), Santo Esp\u00edritu (Gilet), Fuente del Ladr\u00f3n (Higueruelas), Toro Pillete (Jarafuel), Ceja del R\u00edo Grande (Navarr\u00e9s), Font de Gamellons (Ontinyent), Fuente Don Guill\u00e9n (La Puebla de San Miguel), Portacoeli (Serra), El Hontanar (Utiel), El Remedio (Utiel), Fuente Mu\u00f1oz (Benag\u00e9ber), El Milinillo (Titaguas), y el Embalse del Buseo (Chera).<\/p>\n","protected":false},"excerpt":{"rendered":"<div class=\"mh-excerpt\">Alcaldes de la provincia de Valencia han pedido ayuda al presidente de la Diputaci\u00f3n de Valencia, Alfonso Rus, para el mantenimiento y la recogida de basuras de sus zonas de acampada. El presidente provincial ha <a class=\"mh-excerpt-more\" href=\"https:\/\/www.tucomarca.com\/wordpress\/segunda\/los-alcaldes-piden-ayuda-a-alfonso-rus-para-garantizar-la-apertura-de-17-zonas-de-acampada\/\" title=\"Los alcaldes piden ayuda a Alfonso Rus para garantizar la apertura de 17 zonas de acampada\">[+] <\/a><\/div>\n","protected":false},"author":2,"featured_media":14495,"comment_status":"open","ping_status":"open","sticky":false,"template":"","format":"standard","meta":{"footnotes":""},"categories":[8,72,10,117,3,45],"tags":[1001,10385,999,204,336,1000],"class_list":{"0":"post-14494","1":"post","2":"type-post","3":"status-publish","4":"format-standard","5":"has-post-thumbnail","7":"category-la-comarca","8":"category-sin-categorizar","9":"category-la-hoya","10":"category-medio-ambiente-la-comarca","11":"category-seccion","12":"category-ventana","13":"tag-acampada","14":"tag-bunol","15":"tag-comarcas","16":"tag-diputacion","17":"tag-incendios","18":"tag-zonas"},"_links":{"self":[{"href":"https:\/\/www.tucomarca.com\/wordpress\/segunda\/wp-json\/wp\/v2\/posts\/14494","targetHints":{"allow":["GET"]}}],"collection":[{"href":"https:\/\/www.tucomarca.com\/wordpress\/segunda\/wp-json\/wp\/v2\/posts"}],"about":[{"href":"https:\/\/www.tucomarca.com\/wordpress\/segunda\/wp-json\/wp\/v2\/types\/post"}],"author":[{"embeddable":true,"href":"https:\/\/www.tucomarca.com\/wordpress\/segunda\/wp-json\/wp\/v2\/users\/2"}],"replies":[{"embeddable":true,"href":"https:\/\/www.tucomarca.com\/wordpress\/segunda\/wp-json\/wp\/v2\/comments?post=14494"}],"version-history":[{"count":0,"href":"https:\/\/www.tucomarca.com\/wordpress\/segunda\/wp-json\/wp\/v2\/posts\/14494\/revisions"}],"wp:featuredmedia":[{"embeddable":true,"href":"https:\/\/www.tucomarca.com\/wordpress\/segunda\/wp-json\/wp\/v2\/media\/14495"}],"wp:attachment":[{"href":"https:\/\/www.tucomarca.com\/wordpress\/segunda\/wp-json\/wp\/v2\/media?parent=14494"}],"wp:term":[{"taxonomy":"category","embeddable":true,"href":"https:\/\/www.tucomarca.com\/wordpress\/segunda\/wp-json\/wp\/v2\/categories?post=14494"},{"taxonomy":"post_tag","embeddable":true,"href":"https:\/\/www.tucomarca.com\/wordpress\/segunda\/wp-json\/wp\/v2\/tags?post=14494"}],"curies":[{"name":"wp","href":"https:\/\/api.w.org\/{rel}","templated":true}]}}