{"id":144962,"date":"2021-11-25T18:00:00","date_gmt":"2021-11-25T17:00:00","guid":{"rendered":"http:\/\/www.tucomarca.com\/wordpress\/segunda\/?p=144962"},"modified":"2021-11-26T11:00:25","modified_gmt":"2021-11-26T10:00:25","slug":"cheste-se-manifiesta-contra-la-violencia-machista","status":"publish","type":"post","link":"https:\/\/www.tucomarca.com\/wordpress\/segunda\/cheste-se-manifiesta-contra-la-violencia-machista\/","title":{"rendered":"Cheste se manifiesta contra la violencia machista"},"content":{"rendered":"\n<figure class=\"wp-block-gallery columns-2 is-cropped wp-block-gallery-1 is-layout-flex wp-block-gallery-is-layout-flex\"><ul class=\"blocks-gallery-grid\"><li class=\"blocks-gallery-item\"><figure><img loading=\"lazy\" decoding=\"async\" width=\"1024\" height=\"683\" src=\"https:\/\/www.tucomarca.com\/wordpress\/segunda\/wp-content\/uploads\/2021\/11\/ChesteManifiesto-25N_4-1024x683.jpg\" alt=\"\" data-id=\"144968\" data-full-url=\"https:\/\/www.tucomarca.com\/wordpress\/segunda\/wp-content\/uploads\/2021\/11\/ChesteManifiesto-25N_4.jpg\" data-link=\"https:\/\/www.tucomarca.com\/wordpress\/segunda\/?attachment_id=144968\" class=\"wp-image-144968\" srcset=\"https:\/\/www.tucomarca.com\/wordpress\/segunda\/wp-content\/uploads\/2021\/11\/ChesteManifiesto-25N_4-1024x683.jpg 1024w, https:\/\/www.tucomarca.com\/wordpress\/segunda\/wp-content\/uploads\/2021\/11\/ChesteManifiesto-25N_4-300x200.jpg 300w, https:\/\/www.tucomarca.com\/wordpress\/segunda\/wp-content\/uploads\/2021\/11\/ChesteManifiesto-25N_4-768x512.jpg 768w, https:\/\/www.tucomarca.com\/wordpress\/segunda\/wp-content\/uploads\/2021\/11\/ChesteManifiesto-25N_4.jpg 1181w\" sizes=\"auto, (max-width: 1024px) 100vw, 1024px\" \/><\/figure><\/li><li class=\"blocks-gallery-item\"><figure><img loading=\"lazy\" decoding=\"async\" width=\"1024\" height=\"683\" src=\"https:\/\/www.tucomarca.com\/wordpress\/segunda\/wp-content\/uploads\/2021\/11\/ChesteManifiesto-25N_2-1024x683.jpg\" alt=\"\" data-id=\"144964\" data-full-url=\"https:\/\/www.tucomarca.com\/wordpress\/segunda\/wp-content\/uploads\/2021\/11\/ChesteManifiesto-25N_2.jpg\" data-link=\"https:\/\/www.tucomarca.com\/wordpress\/segunda\/?attachment_id=144964\" class=\"wp-image-144964\" srcset=\"https:\/\/www.tucomarca.com\/wordpress\/segunda\/wp-content\/uploads\/2021\/11\/ChesteManifiesto-25N_2-1024x683.jpg 1024w, https:\/\/www.tucomarca.com\/wordpress\/segunda\/wp-content\/uploads\/2021\/11\/ChesteManifiesto-25N_2-300x200.jpg 300w, https:\/\/www.tucomarca.com\/wordpress\/segunda\/wp-content\/uploads\/2021\/11\/ChesteManifiesto-25N_2-768x512.jpg 768w, https:\/\/www.tucomarca.com\/wordpress\/segunda\/wp-content\/uploads\/2021\/11\/ChesteManifiesto-25N_2.jpg 1181w\" sizes=\"auto, (max-width: 1024px) 100vw, 1024px\" \/><\/figure><\/li><\/ul><\/figure>\n\n\n\n<p>Esta ma\u00f1ana, la plaza Doctor Cajal ha congregado a decenas de vecinos y vecinas de Cheste, que se han reunido para manifestar su apoyo a la lucha contra la violencia machista, coincidiendo con la celebraci\u00f3n del D\u00eda Internacional de la Eliminaci\u00f3n de la Violencia contra las Mujeres, hoy 25 de noviembre.<\/p>\n\n\n\n<p>El concejal de Igualdad, Ra\u00fal Mota, en representaci\u00f3n del Ayuntamiento, ha le\u00eddo un manifiesto en el que ha destacado las alarmantes cifras de mujeres asesinadas en 2021. \u201cConvocamos este acto del 25N en memoria de las 37 mujeres asesinadas en lo que va 2021 y de las 1.118 mujeres asesinadas desde 2003 por sus parejas o exparejas; y para no olvidar los 44 asesinatos de ni\u00f1as y ni\u00f1os desde 2013, ni a los 330 hijos e hijas en orfandad debido al asesinato de sus madres\u201d, ha declarado Mota. \u201cEstamos aqu\u00ed para denunciar todas y cada una de las violencias que sufren las mujeres y tambi\u00e9n para manifestar que se ha agravado la sobrecarga para las madres en nuestro pa\u00eds, ya que la mitad de familias monomarentales se sit\u00faa bajo el umbral de la pobreza. Estamos aqu\u00ed porque decenas de miles de mujeres en riesgo de exclusi\u00f3n social son duramente afectadas por la precariedad laboral y un r\u00e9gimen de virtual esclavitud. En definitiva, estamos aqu\u00ed porque estamos hartas y hartos de las violencias que se ejercen contra las mujeres\u201d.<\/p>\n\n\n\n<p>Tras la lectura del manifiesto se ha dedicado un minuto de silencio a la memoria de las v\u00edctimas. &nbsp;<\/p>\n\n\n\n<p><strong>Programa de actos conmemorativos<\/strong><\/p>\n\n\n\n<p>La lectura del manifiesto y el minuto de silencio por las v\u00edctimas de la violencia machista se inserta en el programa de actos conmemorativos del D\u00eda Internacional de la Eliminaci\u00f3n de la Violencia contra las Mujeres, que tambi\u00e9n contempla una exposici\u00f3n en la plaza Doctor Cajal, ya abierta al p\u00fablico, y la proyecci\u00f3n de la pel\u00edcula <em>Spencer<\/em>, que tendr\u00e1 lugar el pr\u00f3ximo s\u00e1bado, 27 de noviembre, a las 19:00 en el teatro Liceo.<\/p>\n","protected":false},"excerpt":{"rendered":"<div class=\"mh-excerpt\">Esta ma\u00f1ana, la plaza Doctor Cajal ha congregado a decenas de vecinos y vecinas de Cheste, que se han reunido para manifestar su apoyo a la lucha contra la violencia machista, coincidiendo con la celebraci\u00f3n <a class=\"mh-excerpt-more\" href=\"https:\/\/www.tucomarca.com\/wordpress\/segunda\/cheste-se-manifiesta-contra-la-violencia-machista\/\" title=\"Cheste se manifiesta contra la violencia machista\">[+] <\/a><\/div>\n","protected":false},"author":12,"featured_media":144966,"comment_status":"open","ping_status":"open","sticky":false,"template":"","format":"gallery","meta":{"footnotes":""},"categories":[17,8,10,142,3,45],"tags":[13086,339,15928,5952],"class_list":{"0":"post-144962","1":"post","2":"type-post","3":"status-publish","4":"format-gallery","5":"has-post-thumbnail","7":"category-cheste","8":"category-la-comarca","9":"category-la-hoya","10":"category-politica-la-comarca","11":"category-seccion","12":"category-ventana","13":"tag-25n","14":"tag-cheste-2","15":"tag-dia-internacional-contra-la-violencia-de-genero-2","16":"tag-la-hoya-de-bunol-chiva","17":"post_format-post-format-gallery"},"_links":{"self":[{"href":"https:\/\/www.tucomarca.com\/wordpress\/segunda\/wp-json\/wp\/v2\/posts\/144962","targetHints":{"allow":["GET"]}}],"collection":[{"href":"https:\/\/www.tucomarca.com\/wordpress\/segunda\/wp-json\/wp\/v2\/posts"}],"about":[{"href":"https:\/\/www.tucomarca.com\/wordpress\/segunda\/wp-json\/wp\/v2\/types\/post"}],"author":[{"embeddable":true,"href":"https:\/\/www.tucomarca.com\/wordpress\/segunda\/wp-json\/wp\/v2\/users\/12"}],"replies":[{"embeddable":true,"href":"https:\/\/www.tucomarca.com\/wordpress\/segunda\/wp-json\/wp\/v2\/comments?post=144962"}],"version-history":[{"count":0,"href":"https:\/\/www.tucomarca.com\/wordpress\/segunda\/wp-json\/wp\/v2\/posts\/144962\/revisions"}],"wp:featuredmedia":[{"embeddable":true,"href":"https:\/\/www.tucomarca.com\/wordpress\/segunda\/wp-json\/wp\/v2\/media\/144966"}],"wp:attachment":[{"href":"https:\/\/www.tucomarca.com\/wordpress\/segunda\/wp-json\/wp\/v2\/media?parent=144962"}],"wp:term":[{"taxonomy":"category","embeddable":true,"href":"https:\/\/www.tucomarca.com\/wordpress\/segunda\/wp-json\/wp\/v2\/categories?post=144962"},{"taxonomy":"post_tag","embeddable":true,"href":"https:\/\/www.tucomarca.com\/wordpress\/segunda\/wp-json\/wp\/v2\/tags?post=144962"}],"curies":[{"name":"wp","href":"https:\/\/api.w.org\/{rel}","templated":true}]}}