{"id":145138,"date":"2021-11-30T08:30:00","date_gmt":"2021-11-30T07:30:00","guid":{"rendered":"http:\/\/www.tucomarca.com\/wordpress\/segunda\/?p=145138"},"modified":"2021-12-01T02:06:47","modified_gmt":"2021-12-01T01:06:47","slug":"homenaje-a-deportistas-locales-en-la-presentacion-de-la-temporada-2021-2022-de-las-escuelas-deportivas-municipales-de-cheste","status":"publish","type":"post","link":"https:\/\/www.tucomarca.com\/wordpress\/segunda\/homenaje-a-deportistas-locales-en-la-presentacion-de-la-temporada-2021-2022-de-las-escuelas-deportivas-municipales-de-cheste\/","title":{"rendered":"Homenaje a deportistas locales en la presentaci\u00f3n de la temporada 2021-2022 de las Escuelas Deportivas Municipales de Cheste"},"content":{"rendered":"\n<h4 class=\"wp-block-heading\">El alcalde de Cheste avanz\u00f3 durante el evento que en 2022 se renovar\u00e1 el c\u00e9sped del campo de f\u00fatbol y el vestuario y se construir\u00e1n dos pistas de tenis junto al pabell\u00f3n<\/h4>\n\n\n\n<p>El Teatro Liceo acogi\u00f3 el pasado viernes, 26 de noviembre, la presentaci\u00f3n de la temporada 2021-2022 de las Escuelas Deportivas Municipales (EDM), que sirvi\u00f3 tambi\u00e9n para celebrar los homenajes preparados para la Gala del Deporte de la temporada anterior, que no pudo realizarse debido a la pandemia.<\/p>\n\n\n\n<p>Un a\u00f1o m\u00e1s, Juan Luis Rodrigo fue el encargado de conducir el acto, que cont\u00f3 con la participaci\u00f3n del alcalde de Cheste, Jos\u00e9 Morell, y el concejal de Deportes, Paco Llorens. Ambos dedicaron unas palabras de reconocimiento a los y las deportistas locales y expusieron los proyectos de mejora de instalaciones deportivas que se realizar\u00e1n en 2022.<\/p>\n\n\n\n<p>\u201cEste a\u00f1o el n\u00famero de alumnos y alumnas se ha incrementado en casi 100 inscritos, llegando a contar con cerca de 700 ni\u00f1os y ni\u00f1as en nuestras escuelas. Este es un dato revelador de la importancia que ha adquirido la pr\u00e1ctica deportiva en nuestro pueblo\u201d, manifestaba Morell. \u201cDesde el Ayuntamiento vamos a seguir trabajando para mejorar la gesti\u00f3n de las escuelas y las instalaciones. Durante el a\u00f1o 2022 vamos a realizar unas inversiones relevantes, que superar\u00e1n el medio mill\u00f3n de euros; por ejemplo, vamos a renovar el c\u00e9sped del campo de f\u00fatbol La Vi\u00f1a, y tambi\u00e9n el vestuario; y vamos a construir dos pistas de tenis junto al pabell\u00f3n, en respuesta a la enorme demanda que hay en Cheste. Todas estas son obras necesarias y somos conscientes de que quedan muchas otras por hacer. Por \u00faltimo, quiero expresar que estamos plenamente comprometidos con el deporte femenino y con el desarrollo de proyectos innovadores, como el que desarrolla Edu Sanz en baloncesto, impartiendo las sesiones en ingl\u00e9s; o el proyecto que hay de refuerzo al estudio en el marco de las escuelas deportivas de f\u00fatbol, que se reanudar\u00e1 pr\u00f3ximamente, tras el par\u00f3n de la pandemia\u201d.&nbsp;<\/p>\n\n\n\n<p>Por su parte, Llorens destac\u00f3 la labor que realiza M\u00f3nica Verduch en la coordinaci\u00f3n de las escuelas deportivas y el trabajo de los monitores y monitoras. \u201cHa sido un a\u00f1o duro para ellos, pero se han adaptado a todas las restricciones sin perder la ilusi\u00f3n\u201d, declaraba. \u201cHoy es un d\u00eda para agradecer a los patrocinadores de las escuelas deportivas: Pulverizadores Fede, SPB, PVH, Fundaci\u00f3n cajacheste y Costa Brava Mediterranean Foods\u201d.<\/p>\n\n\n\n<p><strong>Homenajes<\/strong><\/p>\n\n\n\n<p>El concejal introdujo el palmar\u00e9s de los deportistas homenajeados durante el acto y puso en valor su constancia y esfuerzo. El primero en recibir el reconocimiento fue Ricardo Corber\u00e1n, ciclista que ha realizado durante 2020 y 2021 los desaf\u00edos Titan Series Almer\u00eda, Gigante de Piedra Small, Andaluc\u00eda Bike Race, La Rioja Bike Rice, Colina Triste 2021 y Titan Desert Marruecos. \u201cEsta \u00faltima es una carrera por el desierto del S\u00e1hara, con 6 etapas, llegando a temperaturas medias de 35 grados\u201d, apuntaba Llorens.<\/p>\n\n\n\n<p>En segundo lugar subi\u00f3 al escenario el equipo de f\u00fatbol Benjam\u00edn B, que gan\u00f3 la liga 2020-21. Despu\u00e9s, las jugadoras del equipo amateur femenino, recibieron el reconocimiento por su ascenso a primera regional en su primer a\u00f1o de competici\u00f3n. Los homenajes finalizaron con el aplauso al Cheste Basket Club, que tambi\u00e9n ha ascendido de categor\u00eda esta temporada.&nbsp;<\/p>\n\n\n\n<p><strong>Presentaci\u00f3n de las EDM<\/strong><\/p>\n\n\n\n<p>El evento termin\u00f3 con la presentaci\u00f3n de cada una de las escuelas deportivas municipales: alumnado y monitores\/as subieron al escenario para posar en una foto de grupo. Como viene siendo tradici\u00f3n, la subida al escenario la encabezaron los alumnos y alumnas de la escuela de psicomotricidad y danza de 3 a\u00f1os de edad, quienes portaron la bandera de las EDM junto a la monitora de danza, Nieves Blanco. Despu\u00e9s les siguieron los grupos de danza y dance party, ajedrez, front\u00f3n, gimnasia r\u00edtmica, atletismo, ciclismo, baloncesto, tenis, karate, escalada, orientaci\u00f3n, batuka, p\u00e1del, patinaje, vol\u00e9ibol, aer\u00f3bic, salto de comba y f\u00fatbol.&nbsp;<\/p>\n\n\n\n<p>Finalmente, se present\u00f3 el equipo t\u00e9cnico, compuesto por Francisco Fortea, entrenador de porteros; Ignacio Aguado y Marian Abell\u00e1n, a cargo de la preparaci\u00f3n f\u00edsica; Paula Aroca y Carlos Luis Mart\u00ednez, fisioterapeutas; Ricardo Tamarit y Vicente Garc\u00eda, coordinadores de la escuela de f\u00fatbol; Jos\u00e9 Garc\u00eda y Sergio Exp\u00f3sito, a cargo de la conserjer\u00eda del pabell\u00f3n y del campo La Vi\u00f1a; y M\u00f3nica Verduch, coordinadora de las EDM de Cheste.<\/p>\n\n\n\n<figure class=\"wp-block-gallery columns-2 is-cropped wp-block-gallery-1 is-layout-flex wp-block-gallery-is-layout-flex\"><ul class=\"blocks-gallery-grid\"><li class=\"blocks-gallery-item\"><figure><img loading=\"lazy\" decoding=\"async\" width=\"1024\" height=\"682\" src=\"https:\/\/www.tucomarca.com\/wordpress\/segunda\/wp-content\/uploads\/2021\/11\/Cheste_GalaDeporte_1-1024x682.jpg\" alt=\"\" data-id=\"145141\" data-full-url=\"https:\/\/www.tucomarca.com\/wordpress\/segunda\/wp-content\/uploads\/2021\/11\/Cheste_GalaDeporte_1.jpg\" data-link=\"https:\/\/www.tucomarca.com\/wordpress\/segunda\/?attachment_id=145141\" class=\"wp-image-145141\" srcset=\"https:\/\/www.tucomarca.com\/wordpress\/segunda\/wp-content\/uploads\/2021\/11\/Cheste_GalaDeporte_1-1024x682.jpg 1024w, https:\/\/www.tucomarca.com\/wordpress\/segunda\/wp-content\/uploads\/2021\/11\/Cheste_GalaDeporte_1-300x200.jpg 300w, https:\/\/www.tucomarca.com\/wordpress\/segunda\/wp-content\/uploads\/2021\/11\/Cheste_GalaDeporte_1-768x512.jpg 768w, https:\/\/www.tucomarca.com\/wordpress\/segunda\/wp-content\/uploads\/2021\/11\/Cheste_GalaDeporte_1.jpg 1181w\" sizes=\"auto, (max-width: 1024px) 100vw, 1024px\" \/><\/figure><\/li><li class=\"blocks-gallery-item\"><figure><img loading=\"lazy\" decoding=\"async\" width=\"1024\" height=\"682\" src=\"https:\/\/www.tucomarca.com\/wordpress\/segunda\/wp-content\/uploads\/2021\/11\/Cheste_GalaDeporte_3-1024x682.jpg\" alt=\"\" data-id=\"145145\" data-full-url=\"https:\/\/www.tucomarca.com\/wordpress\/segunda\/wp-content\/uploads\/2021\/11\/Cheste_GalaDeporte_3.jpg\" data-link=\"https:\/\/www.tucomarca.com\/wordpress\/segunda\/?attachment_id=145145\" class=\"wp-image-145145\" srcset=\"https:\/\/www.tucomarca.com\/wordpress\/segunda\/wp-content\/uploads\/2021\/11\/Cheste_GalaDeporte_3-1024x682.jpg 1024w, https:\/\/www.tucomarca.com\/wordpress\/segunda\/wp-content\/uploads\/2021\/11\/Cheste_GalaDeporte_3-300x200.jpg 300w, https:\/\/www.tucomarca.com\/wordpress\/segunda\/wp-content\/uploads\/2021\/11\/Cheste_GalaDeporte_3-768x512.jpg 768w, https:\/\/www.tucomarca.com\/wordpress\/segunda\/wp-content\/uploads\/2021\/11\/Cheste_GalaDeporte_3.jpg 1181w\" sizes=\"auto, (max-width: 1024px) 100vw, 1024px\" \/><\/figure><\/li><li class=\"blocks-gallery-item\"><figure><img loading=\"lazy\" decoding=\"async\" width=\"1024\" height=\"682\" src=\"https:\/\/www.tucomarca.com\/wordpress\/segunda\/wp-content\/uploads\/2021\/11\/Cheste_GalaDeporte_2-1024x682.jpg\" alt=\"\" data-id=\"145143\" data-full-url=\"https:\/\/www.tucomarca.com\/wordpress\/segunda\/wp-content\/uploads\/2021\/11\/Cheste_GalaDeporte_2.jpg\" data-link=\"https:\/\/www.tucomarca.com\/wordpress\/segunda\/?attachment_id=145143\" class=\"wp-image-145143\" srcset=\"https:\/\/www.tucomarca.com\/wordpress\/segunda\/wp-content\/uploads\/2021\/11\/Cheste_GalaDeporte_2-1024x682.jpg 1024w, https:\/\/www.tucomarca.com\/wordpress\/segunda\/wp-content\/uploads\/2021\/11\/Cheste_GalaDeporte_2-300x200.jpg 300w, https:\/\/www.tucomarca.com\/wordpress\/segunda\/wp-content\/uploads\/2021\/11\/Cheste_GalaDeporte_2-768x512.jpg 768w, https:\/\/www.tucomarca.com\/wordpress\/segunda\/wp-content\/uploads\/2021\/11\/Cheste_GalaDeporte_2.jpg 1181w\" sizes=\"auto, (max-width: 1024px) 100vw, 1024px\" \/><\/figure><\/li><li class=\"blocks-gallery-item\"><figure><img loading=\"lazy\" decoding=\"async\" width=\"1024\" height=\"682\" src=\"https:\/\/www.tucomarca.com\/wordpress\/segunda\/wp-content\/uploads\/2021\/11\/Cheste_GalaDeporte_4-1024x682.jpg\" alt=\"\" data-id=\"145147\" data-full-url=\"https:\/\/www.tucomarca.com\/wordpress\/segunda\/wp-content\/uploads\/2021\/11\/Cheste_GalaDeporte_4.jpg\" data-link=\"https:\/\/www.tucomarca.com\/wordpress\/segunda\/?attachment_id=145147\" class=\"wp-image-145147\" srcset=\"https:\/\/www.tucomarca.com\/wordpress\/segunda\/wp-content\/uploads\/2021\/11\/Cheste_GalaDeporte_4-1024x682.jpg 1024w, https:\/\/www.tucomarca.com\/wordpress\/segunda\/wp-content\/uploads\/2021\/11\/Cheste_GalaDeporte_4-300x200.jpg 300w, https:\/\/www.tucomarca.com\/wordpress\/segunda\/wp-content\/uploads\/2021\/11\/Cheste_GalaDeporte_4-768x512.jpg 768w, https:\/\/www.tucomarca.com\/wordpress\/segunda\/wp-content\/uploads\/2021\/11\/Cheste_GalaDeporte_4.jpg 1181w\" sizes=\"auto, (max-width: 1024px) 100vw, 1024px\" \/><\/figure><\/li><li class=\"blocks-gallery-item\"><figure><img loading=\"lazy\" decoding=\"async\" width=\"1024\" height=\"682\" src=\"https:\/\/www.tucomarca.com\/wordpress\/segunda\/wp-content\/uploads\/2021\/11\/Cheste_GalaDeporte_5-1024x682.jpg\" alt=\"\" data-id=\"145149\" data-full-url=\"https:\/\/www.tucomarca.com\/wordpress\/segunda\/wp-content\/uploads\/2021\/11\/Cheste_GalaDeporte_5.jpg\" data-link=\"https:\/\/www.tucomarca.com\/wordpress\/segunda\/?attachment_id=145149\" class=\"wp-image-145149\" srcset=\"https:\/\/www.tucomarca.com\/wordpress\/segunda\/wp-content\/uploads\/2021\/11\/Cheste_GalaDeporte_5-1024x682.jpg 1024w, https:\/\/www.tucomarca.com\/wordpress\/segunda\/wp-content\/uploads\/2021\/11\/Cheste_GalaDeporte_5-300x200.jpg 300w, https:\/\/www.tucomarca.com\/wordpress\/segunda\/wp-content\/uploads\/2021\/11\/Cheste_GalaDeporte_5-768x512.jpg 768w, https:\/\/www.tucomarca.com\/wordpress\/segunda\/wp-content\/uploads\/2021\/11\/Cheste_GalaDeporte_5.jpg 1181w\" sizes=\"auto, (max-width: 1024px) 100vw, 1024px\" \/><\/figure><\/li><li class=\"blocks-gallery-item\"><figure><img loading=\"lazy\" decoding=\"async\" width=\"1024\" height=\"682\" src=\"https:\/\/www.tucomarca.com\/wordpress\/segunda\/wp-content\/uploads\/2021\/11\/Cheste_GalaDeporte_7-1024x682.jpg\" alt=\"\" data-id=\"145153\" data-full-url=\"https:\/\/www.tucomarca.com\/wordpress\/segunda\/wp-content\/uploads\/2021\/11\/Cheste_GalaDeporte_7.jpg\" data-link=\"https:\/\/www.tucomarca.com\/wordpress\/segunda\/?attachment_id=145153\" class=\"wp-image-145153\" srcset=\"https:\/\/www.tucomarca.com\/wordpress\/segunda\/wp-content\/uploads\/2021\/11\/Cheste_GalaDeporte_7-1024x682.jpg 1024w, https:\/\/www.tucomarca.com\/wordpress\/segunda\/wp-content\/uploads\/2021\/11\/Cheste_GalaDeporte_7-300x200.jpg 300w, https:\/\/www.tucomarca.com\/wordpress\/segunda\/wp-content\/uploads\/2021\/11\/Cheste_GalaDeporte_7-768x512.jpg 768w, https:\/\/www.tucomarca.com\/wordpress\/segunda\/wp-content\/uploads\/2021\/11\/Cheste_GalaDeporte_7.jpg 1181w\" sizes=\"auto, (max-width: 1024px) 100vw, 1024px\" \/><\/figure><\/li><li class=\"blocks-gallery-item\"><figure><img loading=\"lazy\" decoding=\"async\" width=\"1024\" height=\"682\" src=\"https:\/\/www.tucomarca.com\/wordpress\/segunda\/wp-content\/uploads\/2021\/11\/Cheste_GalaDeporte_6-1024x682.jpg\" alt=\"\" data-id=\"145151\" data-full-url=\"https:\/\/www.tucomarca.com\/wordpress\/segunda\/wp-content\/uploads\/2021\/11\/Cheste_GalaDeporte_6.jpg\" data-link=\"https:\/\/www.tucomarca.com\/wordpress\/segunda\/?attachment_id=145151\" class=\"wp-image-145151\" srcset=\"https:\/\/www.tucomarca.com\/wordpress\/segunda\/wp-content\/uploads\/2021\/11\/Cheste_GalaDeporte_6-1024x682.jpg 1024w, https:\/\/www.tucomarca.com\/wordpress\/segunda\/wp-content\/uploads\/2021\/11\/Cheste_GalaDeporte_6-300x200.jpg 300w, https:\/\/www.tucomarca.com\/wordpress\/segunda\/wp-content\/uploads\/2021\/11\/Cheste_GalaDeporte_6-768x512.jpg 768w, https:\/\/www.tucomarca.com\/wordpress\/segunda\/wp-content\/uploads\/2021\/11\/Cheste_GalaDeporte_6.jpg 1181w\" sizes=\"auto, (max-width: 1024px) 100vw, 1024px\" \/><\/figure><\/li><\/ul><\/figure>\n","protected":false},"excerpt":{"rendered":"<div class=\"mh-excerpt\">El alcalde de Cheste avanz\u00f3 durante el evento que en 2022 se renovar\u00e1 el c\u00e9sped del campo de f\u00fatbol y el vestuario y se construir\u00e1n dos pistas de tenis junto al pabell\u00f3n El Teatro Liceo <a class=\"mh-excerpt-more\" href=\"https:\/\/www.tucomarca.com\/wordpress\/segunda\/homenaje-a-deportistas-locales-en-la-presentacion-de-la-temporada-2021-2022-de-las-escuelas-deportivas-municipales-de-cheste\/\" title=\"Homenaje a deportistas locales en la presentaci\u00f3n de la temporada 2021-2022 de las Escuelas Deportivas Municipales de Cheste\">[+] <\/a><\/div>\n","protected":false},"author":12,"featured_media":145147,"comment_status":"open","ping_status":"open","sticky":false,"template":"","format":"standard","meta":{"footnotes":""},"categories":[17,6,128,8,10,3,45],"tags":[339,8611,10823,5952,15958],"class_list":{"0":"post-145138","1":"post","2":"type-post","3":"status-publish","4":"format-standard","5":"has-post-thumbnail","7":"category-cheste","8":"category-deportes","9":"category-infraestructuras","10":"category-la-comarca","11":"category-la-hoya","12":"category-seccion","13":"category-ventana","14":"tag-cheste-2","15":"tag-edm-de-cheste","16":"tag-escuelas-deportivas-municipales-cheste","17":"tag-la-hoya-de-bunol-chiva","18":"tag-temporada-2021-22"},"_links":{"self":[{"href":"https:\/\/www.tucomarca.com\/wordpress\/segunda\/wp-json\/wp\/v2\/posts\/145138","targetHints":{"allow":["GET"]}}],"collection":[{"href":"https:\/\/www.tucomarca.com\/wordpress\/segunda\/wp-json\/wp\/v2\/posts"}],"about":[{"href":"https:\/\/www.tucomarca.com\/wordpress\/segunda\/wp-json\/wp\/v2\/types\/post"}],"author":[{"embeddable":true,"href":"https:\/\/www.tucomarca.com\/wordpress\/segunda\/wp-json\/wp\/v2\/users\/12"}],"replies":[{"embeddable":true,"href":"https:\/\/www.tucomarca.com\/wordpress\/segunda\/wp-json\/wp\/v2\/comments?post=145138"}],"version-history":[{"count":0,"href":"https:\/\/www.tucomarca.com\/wordpress\/segunda\/wp-json\/wp\/v2\/posts\/145138\/revisions"}],"wp:featuredmedia":[{"embeddable":true,"href":"https:\/\/www.tucomarca.com\/wordpress\/segunda\/wp-json\/wp\/v2\/media\/145147"}],"wp:attachment":[{"href":"https:\/\/www.tucomarca.com\/wordpress\/segunda\/wp-json\/wp\/v2\/media?parent=145138"}],"wp:term":[{"taxonomy":"category","embeddable":true,"href":"https:\/\/www.tucomarca.com\/wordpress\/segunda\/wp-json\/wp\/v2\/categories?post=145138"},{"taxonomy":"post_tag","embeddable":true,"href":"https:\/\/www.tucomarca.com\/wordpress\/segunda\/wp-json\/wp\/v2\/tags?post=145138"}],"curies":[{"name":"wp","href":"https:\/\/api.w.org\/{rel}","templated":true}]}}