{"id":14517,"date":"2013-05-22T17:05:45","date_gmt":"2013-05-22T16:05:45","guid":{"rendered":"http:\/\/www.tucomarca.com\/wordpress\/segunda\/?p=14517"},"modified":"2013-05-22T17:05:46","modified_gmt":"2013-05-22T16:05:46","slug":"las-mancomunidades-de-la-comunitat-se-reunen-en-el-camp-de-turia","status":"publish","type":"post","link":"https:\/\/www.tucomarca.com\/wordpress\/segunda\/las-mancomunidades-de-la-comunitat-se-reunen-en-el-camp-de-turia\/","title":{"rendered":"Las Mancomunidades de la Comunitat se re\u00fanen en el Camp de T\u00faria"},"content":{"rendered":"<p><figure id=\"attachment_14518\" aria-describedby=\"caption-attachment-14518\" style=\"width: 300px\" class=\"wp-caption alignleft\"><a href=\"https:\/\/www.tucomarca.com\/wordpress\/segunda\/?attachment_id=14518\" rel=\"attachment wp-att-14518\"><img loading=\"lazy\" decoding=\"async\" src=\"https:\/\/www.tucomarca.com\/wordpress\/segunda\/wp-content\/uploads\/2013\/05\/TROBADES-300x152.jpg\" alt=\"\" title=\"TROBADES\" width=\"300\" height=\"152\" class=\"size-medium wp-image-14518\" srcset=\"https:\/\/www.tucomarca.com\/wordpress\/segunda\/wp-content\/uploads\/2013\/05\/TROBADES-300x152.jpg 300w, https:\/\/www.tucomarca.com\/wordpress\/segunda\/wp-content\/uploads\/2013\/05\/TROBADES-1024x522.jpg 1024w\" sizes=\"auto, (max-width: 300px) 100vw, 300px\" \/><\/a><figcaption id=\"caption-attachment-14518\" class=\"wp-caption-text\">Representantes de las diversas mancomunidades de la Comunitat. tc.c<\/figcaption><\/figure>Este mi\u00e9rcoles se ha celebrado el VI Encuentro de Mancomunidades. Ha sido en la ciudad de Ll\u00edria, ejerciendo como anfitriona la Mancomunidad del Camp de T\u00faria. Por primera vez desde que se celebra el evento, han acudido los representantes de las mancomunidades existentes en toda la Comunidad Valenciana. En total se han reunido unas 130 personas, entre representantes pol\u00edticos y t\u00e9cnicos de 27 mancomunidades.<\/p>\n<p>El encuentro ha contado adem\u00e1s con la presencia de la Presidenta de la FVMP, Elena Bastidas y de Vicente Saur\u00ed, Director general de Administraci\u00f3n Local de la Generalitat Valenciana. <\/p>\n<p>El objetivo del encuentro ha sido facilitar el intercambio de experiencias entre mancomunidades as\u00ed como la posibilidad de tratar temas de m\u00e1xima actualidad como el Anteproyecto de Ley de Racionalizaci\u00f3n y Sostenibilidad a la Administraci\u00f3n Local y su repercusi\u00f3n en las Mancomunidades.<\/p>\n<p>De esta manera, se ha producido el necesario contacto entre los representantes pol\u00edticos de las mancomunidades para mejorar en los aspectos que trabajan de forma m\u00e1s directa, y los t\u00e9cnicos, que han puesto en com\u00fan sus tareas.<\/p>\n<p>El Encuentro se ha iniciado a las 10 de la ma\u00f1ana. Se han formado grupos de trabajo de cada rama, que han trabajado conjuntamente. En la clausura del acto, la presidenta de la Mancomunidad del Camp de T\u00faria ha repasado las conclusiones de todas las comisiones de trabajo.<\/p>\n<p>La presidenta de la mancomunidad del Camp de T\u00faria, Mari Carmen Contelles, ha destacado  \u201cla necesidad de la existencia de las mancomunidades, para dar una mejor servicio a los vecinos y complementando los servicios que ofrecen los ayuntamientos, llegando hasta donde los ayuntamientos no pueden llegar. Las mancomunidades somos organismos integradores, y hoy m\u00e1s que nunca, nuestra prioridad es dar servicio y ayudar a las familias y las empresas que m\u00e1s nos necesitan\u201d.<\/p>\n","protected":false},"excerpt":{"rendered":"<div class=\"mh-excerpt\">Este mi\u00e9rcoles se ha celebrado el VI Encuentro de Mancomunidades. Ha sido en la ciudad de Ll\u00edria, ejerciendo como anfitriona la Mancomunidad del Camp de T\u00faria. Por primera vez desde que se celebra el evento, <a class=\"mh-excerpt-more\" href=\"https:\/\/www.tucomarca.com\/wordpress\/segunda\/las-mancomunidades-de-la-comunitat-se-reunen-en-el-camp-de-turia\/\" title=\"Las Mancomunidades de la Comunitat se re\u00fanen en el Camp de T\u00faria\">[+] <\/a><\/div>\n","protected":false},"author":2,"featured_media":14518,"comment_status":"open","ping_status":"open","sticky":false,"template":"","format":"standard","meta":{"footnotes":""},"categories":[46,8,72,47,3,45],"tags":[10395,386,967],"class_list":{"0":"post-14517","1":"post","2":"type-post","3":"status-publish","4":"format-standard","5":"has-post-thumbnail","7":"category-camp-de-turia","8":"category-la-comarca","9":"category-sin-categorizar","10":"category-lliria","11":"category-seccion","12":"category-ventana","13":"tag-camp-de-turia","14":"tag-mancomunidad","15":"tag-reunion"},"_links":{"self":[{"href":"https:\/\/www.tucomarca.com\/wordpress\/segunda\/wp-json\/wp\/v2\/posts\/14517","targetHints":{"allow":["GET"]}}],"collection":[{"href":"https:\/\/www.tucomarca.com\/wordpress\/segunda\/wp-json\/wp\/v2\/posts"}],"about":[{"href":"https:\/\/www.tucomarca.com\/wordpress\/segunda\/wp-json\/wp\/v2\/types\/post"}],"author":[{"embeddable":true,"href":"https:\/\/www.tucomarca.com\/wordpress\/segunda\/wp-json\/wp\/v2\/users\/2"}],"replies":[{"embeddable":true,"href":"https:\/\/www.tucomarca.com\/wordpress\/segunda\/wp-json\/wp\/v2\/comments?post=14517"}],"version-history":[{"count":0,"href":"https:\/\/www.tucomarca.com\/wordpress\/segunda\/wp-json\/wp\/v2\/posts\/14517\/revisions"}],"wp:featuredmedia":[{"embeddable":true,"href":"https:\/\/www.tucomarca.com\/wordpress\/segunda\/wp-json\/wp\/v2\/media\/14518"}],"wp:attachment":[{"href":"https:\/\/www.tucomarca.com\/wordpress\/segunda\/wp-json\/wp\/v2\/media?parent=14517"}],"wp:term":[{"taxonomy":"category","embeddable":true,"href":"https:\/\/www.tucomarca.com\/wordpress\/segunda\/wp-json\/wp\/v2\/categories?post=14517"},{"taxonomy":"post_tag","embeddable":true,"href":"https:\/\/www.tucomarca.com\/wordpress\/segunda\/wp-json\/wp\/v2\/tags?post=14517"}],"curies":[{"name":"wp","href":"https:\/\/api.w.org\/{rel}","templated":true}]}}