{"id":145277,"date":"2021-12-01T08:00:00","date_gmt":"2021-12-01T07:00:00","guid":{"rendered":"http:\/\/www.tucomarca.com\/wordpress\/segunda\/?p=145277"},"modified":"2021-12-02T11:54:26","modified_gmt":"2021-12-02T10:54:26","slug":"opinion-a-bocajarro-por-joseh-larrazabal-3","status":"publish","type":"post","link":"https:\/\/www.tucomarca.com\/wordpress\/segunda\/opinion-a-bocajarro-por-joseh-larrazabal-3\/","title":{"rendered":"Opini\u00f3n: A bocajarro, por J\u00f3seh Larraz\u00e1bal"},"content":{"rendered":"\n<figure class=\"wp-block-image size-large is-resized\"><img loading=\"lazy\" decoding=\"async\" src=\"https:\/\/www.tucomarca.com\/wordpress\/segunda\/wp-content\/uploads\/2021\/11\/Larrazabal-1018x1024.jpg\" alt=\"\" class=\"wp-image-144170\" width=\"148\" height=\"149\" srcset=\"https:\/\/www.tucomarca.com\/wordpress\/segunda\/wp-content\/uploads\/2021\/11\/Larrazabal-1018x1024.jpg 1018w, https:\/\/www.tucomarca.com\/wordpress\/segunda\/wp-content\/uploads\/2021\/11\/Larrazabal-298x300.jpg 298w, https:\/\/www.tucomarca.com\/wordpress\/segunda\/wp-content\/uploads\/2021\/11\/Larrazabal-290x290.jpg 290w, https:\/\/www.tucomarca.com\/wordpress\/segunda\/wp-content\/uploads\/2021\/11\/Larrazabal-768x773.jpg 768w, https:\/\/www.tucomarca.com\/wordpress\/segunda\/wp-content\/uploads\/2021\/11\/Larrazabal-1526x1536.jpg 1526w, https:\/\/www.tucomarca.com\/wordpress\/segunda\/wp-content\/uploads\/2021\/11\/Larrazabal.jpg 1575w\" sizes=\"auto, (max-width: 148px) 100vw, 148px\" \/><\/figure>\n\n\n\n<p>Ojo con la desafecci\u00f3n. Cada vez menos repercusi\u00f3n en redes los comentarios acerca del vcf.<br>Cuidado con Merit\u00f3n y su largo plazo.<br>\u00bfEstrategia universal?<br>La desafecci\u00f3n y el casi nulo Sentiment de pertenencia puede llevarte a una muerte afectiva y efectiva.<br>Muchos deber\u00edan dejarse de medias tintas y proponer medidas duras y eficaces contra Lim.<br>La manifestaci\u00f3n del 11D\u2026\u00a1muy bien!<br>Y luego\u2026?<br>\u00bfCarteles en MESTALLA?<br>Habr\u00e1 que ir pensando en otras alternativas o el \u00abSentiment\u00bb hacia este vcf puede estar en peligro.<br>Nada peor que una gran parte de la afici\u00f3n deje de cabrearse, preocuparse o disgustarse por la mala marcha del vcf.<br>Nada peor que una gran parte de la afici\u00f3n muestre indiferencia a quedar el13\u00ba o falta de preocupaci\u00f3n y decepci\u00f3n por ir el 10\u00ba a 3 pts del 14\u00ba.<br>Cuando esto se asume y se acepta como \u00abes lo que hay\u00bb es muy grave y una advertencia muy ser\u00eda de donde estamos y hacia d\u00f3nde vamos.<br>La indiferencia es mala consejera, y me refiero a seguir despotricando contra Lim y ya est\u00e1.<br>LIM GO HOME!<br>Y despu\u00e9s qu\u00e9?<br>Cuidado con algunas opiniones p\u00fablicas o publicadas de exjugadores que buscan un puestecito en el vcf o hablan a cambio de emolumentos y prebendas.<br>La opini\u00f3n de Fernando G\u00f3mez Colomer acerca de Paco Camarasa y sus recomendaciones a Gay\u00e1 y Soler son t\u00f3xicas. Solo sirven para crear divisi\u00f3n de opiniones y fortalecer a Lim.<br>Fernando no se fue del vcf en su momento porque es conformista por naturaleza, y la oferta que le lleg\u00f3 no era suficientemente jugosa, ni deportiva ni econ\u00f3micamente para salir del vcf y levantar casa.<br>Muchos a\u00f1os como jugador del vcf y cero t\u00edtulos.<br>Yo no se c\u00f3mo le llaman a eso pero para m\u00ed es conformismo puro y duro, anticuado y obsoleto. La actitud de Fernando cuando era jugador y sus declaraciones actuales buscando \u00abpremio\u00bb est\u00e1n fuera de \u00f3rbita. As\u00ed solo ayudas a Merit\u00f3n, Fernando, y contribuyes a la divisi\u00f3n del Valencianismo, cosa que beneficia sobremanera a Merit\u00f3n.<br>El vcf debe luchar por todos los t\u00edtulos y las opiniones y actitudes como las de Fernando G\u00f3mez Comer pertenecen a un vcf del pasado, obsoleto, conformista y por ende falto de ambici\u00f3n.<br>Fernando?<br>Mil veces Camarasa.<br>Luchador, ambicioso, valiente y sincero.<br>Y por eso lo echaron del VCL (Valencia club de Lim).<\/p>\n","protected":false},"excerpt":{"rendered":"<div class=\"mh-excerpt\">Ojo con la desafecci\u00f3n. Cada vez menos repercusi\u00f3n en redes los comentarios acerca del vcf.Cuidado con Merit\u00f3n y su largo plazo.\u00bfEstrategia universal?La desafecci\u00f3n y el casi nulo Sentiment de pertenencia puede llevarte a una muerte <a class=\"mh-excerpt-more\" href=\"https:\/\/www.tucomarca.com\/wordpress\/segunda\/opinion-a-bocajarro-por-joseh-larrazabal-3\/\" title=\"Opini\u00f3n: A bocajarro, por J\u00f3seh Larraz\u00e1bal\">[+] <\/a><\/div>\n","protected":false},"author":12,"featured_media":144170,"comment_status":"open","ping_status":"open","sticky":false,"template":"","format":"standard","meta":{"footnotes":""},"categories":[18,3358,6,10,3],"tags":[15971,15480,5952,1810,15379],"class_list":{"0":"post-145277","1":"post","2":"type-post","3":"status-publish","4":"format-standard","5":"has-post-thumbnail","7":"category-bunol","8":"category-canal-valencia-cf","9":"category-deportes","10":"category-la-hoya","11":"category-seccion","12":"tag-a-bocajarro","13":"tag-joseh-larrazabal","14":"tag-la-hoya-de-bunol-chiva","15":"tag-valencia-cf","16":"tag-vcf"},"_links":{"self":[{"href":"https:\/\/www.tucomarca.com\/wordpress\/segunda\/wp-json\/wp\/v2\/posts\/145277","targetHints":{"allow":["GET"]}}],"collection":[{"href":"https:\/\/www.tucomarca.com\/wordpress\/segunda\/wp-json\/wp\/v2\/posts"}],"about":[{"href":"https:\/\/www.tucomarca.com\/wordpress\/segunda\/wp-json\/wp\/v2\/types\/post"}],"author":[{"embeddable":true,"href":"https:\/\/www.tucomarca.com\/wordpress\/segunda\/wp-json\/wp\/v2\/users\/12"}],"replies":[{"embeddable":true,"href":"https:\/\/www.tucomarca.com\/wordpress\/segunda\/wp-json\/wp\/v2\/comments?post=145277"}],"version-history":[{"count":0,"href":"https:\/\/www.tucomarca.com\/wordpress\/segunda\/wp-json\/wp\/v2\/posts\/145277\/revisions"}],"wp:featuredmedia":[{"embeddable":true,"href":"https:\/\/www.tucomarca.com\/wordpress\/segunda\/wp-json\/wp\/v2\/media\/144170"}],"wp:attachment":[{"href":"https:\/\/www.tucomarca.com\/wordpress\/segunda\/wp-json\/wp\/v2\/media?parent=145277"}],"wp:term":[{"taxonomy":"category","embeddable":true,"href":"https:\/\/www.tucomarca.com\/wordpress\/segunda\/wp-json\/wp\/v2\/categories?post=145277"},{"taxonomy":"post_tag","embeddable":true,"href":"https:\/\/www.tucomarca.com\/wordpress\/segunda\/wp-json\/wp\/v2\/tags?post=145277"}],"curies":[{"name":"wp","href":"https:\/\/api.w.org\/{rel}","templated":true}]}}