{"id":145515,"date":"2021-12-09T12:00:00","date_gmt":"2021-12-09T11:00:00","guid":{"rendered":"http:\/\/www.tucomarca.com\/wordpress\/segunda\/?p=145515"},"modified":"2021-12-10T12:26:40","modified_gmt":"2021-12-10T11:26:40","slug":"riba-roja-de-turia-aumenta-un-35-la-renta-media-por-habitante-alcanza-los-28-146-euros-brutos-al-ano-y-se-coloca-entre-los-20-primeros-de-la-comunitat-valenciana","status":"publish","type":"post","link":"https:\/\/www.tucomarca.com\/wordpress\/segunda\/riba-roja-de-turia-aumenta-un-35-la-renta-media-por-habitante-alcanza-los-28-146-euros-brutos-al-ano-y-se-coloca-entre-los-20-primeros-de-la-comunitat-valenciana\/","title":{"rendered":"Riba-roja de T\u00faria aumenta un 3\u20195% la renta media por habitante, alcanza los 28.146 euros brutos al a\u00f1o y se coloca entre los 20 primeros de la Comunitat Valenciana"},"content":{"rendered":"\n<h4 class=\"wp-block-heading\">La Agencia Tributaria publica los datos correspondientes al a\u00f1o 2019<\/h4>\n\n\n\n<p>La renta media bruta de Riba-roja de T\u00faria ha aumentado en un 3\u20195% al pasar de los 28.146 euros del a\u00f1o 2018 a los 29.137 euros en el ejercicio de 2019 y, al mismo tiempo, ha mejorado una posici\u00f3n en el \u00e1mbito de la Comunitat Valenciana y se sit\u00faa, actualmente, en el puesto 16. Los datos se extraen de la \u00faltima estad\u00edstica publicada por la Agencia Tributaria de Espa\u00f1a correspondiente al a\u00f1o 2019.&nbsp;<\/p>\n\n\n\n<p>Los datos detallados reflejan una mejor\u00eda, m\u00e1s amplia, entre los a\u00f1os 2015 y 2019 con hasta un incremento del 12% al pasar de los 26.011 a los 29.137 euros, respectivamente. En el global de la comarca de Camp de T\u00faria se sit\u00faa en el cuarto lugar tras los municipios de B\u00e9tera, l\u2019Eliana y San Antonio de Benag\u00e9ber mientras que en el global de Espa\u00f1a est\u00e1 en el puesto 348, tras mejorar 12 lugares en total.&nbsp;<\/p>\n\n\n\n<p>Las estad\u00edsticas del a\u00f1o tributario 2019 en Riba-roja de T\u00faria dan a conocer que se presentaron un total de 10.867 declaraciones de los vecinos -367 m\u00e1s que en el ejercicio econ\u00f3mico anterior- y la renta disponible media disponible \u2013tras los impuestos correspondientes- se incrementaron en otros 686 euros al pasar de los 22.825 a los 23.511 euros entre los del a\u00f1o 2019 y el anterior. &nbsp;<\/p>\n\n\n\n<p>El valor de las rentas del trabajo en el ejercicio analizado alcanza los 254 millones de euros entre todas las declaraciones de la renta presentadas por los contribuyentes de Riba-roja de T\u00faria ante la Agencia Tributario. Por su parte, las rentas de actividades econ\u00f3micas se cifran en 21 millones de euros y las rentas del capital mobiliario en otros 6\u20191 millones de euros.&nbsp;<\/p>\n\n\n\n<p>Las declaraciones de los contribuyentes de Riba-roja de T\u00faria se beneficiaron, tambi\u00e9n, de las exenciones que aplica la Agencia Tributaria con un volumen que alcanza, actualmente, los 11\u20194 millones de euros, entre las que cabe destacar algunas como la maternidad, las familias numerosas o de dependencia valoradas en 1\u20195 millones de euros, adem\u00e1s de otras rentas por trabajo personal relacionadas con indemnizaciones por despido y otras rentas del trabajo.&nbsp;<\/p>\n\n\n\n<p>Los datos de la Agencia Tributaria se centran en detallar, de forma pormenorizada, algunos aspectos relacionados con las declaraciones de los 12.348 contribuyentes de Riba-roja de T\u00faria, como los 8.301 hijos contenidos en las declaraciones fiscales, las 483 relativas a deducciones por maternidad, otras 336 por incremento de gastos en guarder\u00eda o centros de educaci\u00f3n infantil o las 428 sobre deducciones por descendientes, ascendientes o c\u00f3nyuges con discapacidad.&nbsp;<\/p>\n\n\n\n<p>Por \u00faltimo, el an\u00e1lisis de la Agencia Tributaria aborda otros aspectos como las 611 declaraciones que contienen deducciones medias por vivienda habitual o las 2.102 sobre aportaciones medias a los planes de pensiones contratados por cada uno de los contribuyentes, las 444 declaraciones referidas a las familias numerosas o asimiladas de Riba-roja de T\u00faria o las 409 por familia numerosa de categor\u00eda especial.&nbsp;<\/p>\n\n\n\n<p>El alcalde de Riba-roja de T\u00faria, Robert Raga, ha afirmado que estos datos \u201cson una estad\u00edstica sobre la renta media de nuestros vecinos, se trata de unos datos positivos que reflejan una situaci\u00f3n en nuestro municipio que nos animan a seguir trabajando en la misma l\u00ednea de apoyo a los sectores econ\u00f3micos de la localidad para que, de esta forma, la clase media y baja puedan disponer de una renta mejor\u201d.<\/p>\n","protected":false},"excerpt":{"rendered":"<div class=\"mh-excerpt\">La Agencia Tributaria publica los datos correspondientes al a\u00f1o 2019 La renta media bruta de Riba-roja de T\u00faria ha aumentado en un 3\u20195% al pasar de los 28.146 euros del a\u00f1o 2018 a los 29.137 <a class=\"mh-excerpt-more\" href=\"https:\/\/www.tucomarca.com\/wordpress\/segunda\/riba-roja-de-turia-aumenta-un-35-la-renta-media-por-habitante-alcanza-los-28-146-euros-brutos-al-ano-y-se-coloca-entre-los-20-primeros-de-la-comunitat-valenciana\/\" title=\"Riba-roja de T\u00faria aumenta un 3\u20195% la renta media por habitante, alcanza los 28.146 euros brutos al a\u00f1o y se coloca entre los 20 primeros de la Comunitat Valenciana\">[+] <\/a><\/div>\n","protected":false},"author":12,"featured_media":97233,"comment_status":"open","ping_status":"open","sticky":false,"template":"","format":"standard","meta":{"footnotes":""},"categories":[46,128,8,142,182,3],"tags":[10395,15995,15023],"class_list":{"0":"post-145515","1":"post","2":"type-post","3":"status-publish","4":"format-standard","5":"has-post-thumbnail","7":"category-camp-de-turia","8":"category-infraestructuras","9":"category-la-comarca","10":"category-politica-la-comarca","11":"category-riba-roja","12":"category-seccion","13":"tag-camp-de-turia","14":"tag-renta-media-por-habitante","15":"tag-riba-roja-de-turia"},"_links":{"self":[{"href":"https:\/\/www.tucomarca.com\/wordpress\/segunda\/wp-json\/wp\/v2\/posts\/145515","targetHints":{"allow":["GET"]}}],"collection":[{"href":"https:\/\/www.tucomarca.com\/wordpress\/segunda\/wp-json\/wp\/v2\/posts"}],"about":[{"href":"https:\/\/www.tucomarca.com\/wordpress\/segunda\/wp-json\/wp\/v2\/types\/post"}],"author":[{"embeddable":true,"href":"https:\/\/www.tucomarca.com\/wordpress\/segunda\/wp-json\/wp\/v2\/users\/12"}],"replies":[{"embeddable":true,"href":"https:\/\/www.tucomarca.com\/wordpress\/segunda\/wp-json\/wp\/v2\/comments?post=145515"}],"version-history":[{"count":0,"href":"https:\/\/www.tucomarca.com\/wordpress\/segunda\/wp-json\/wp\/v2\/posts\/145515\/revisions"}],"wp:featuredmedia":[{"embeddable":true,"href":"https:\/\/www.tucomarca.com\/wordpress\/segunda\/wp-json\/wp\/v2\/media\/97233"}],"wp:attachment":[{"href":"https:\/\/www.tucomarca.com\/wordpress\/segunda\/wp-json\/wp\/v2\/media?parent=145515"}],"wp:term":[{"taxonomy":"category","embeddable":true,"href":"https:\/\/www.tucomarca.com\/wordpress\/segunda\/wp-json\/wp\/v2\/categories?post=145515"},{"taxonomy":"post_tag","embeddable":true,"href":"https:\/\/www.tucomarca.com\/wordpress\/segunda\/wp-json\/wp\/v2\/tags?post=145515"}],"curies":[{"name":"wp","href":"https:\/\/api.w.org\/{rel}","templated":true}]}}