{"id":145758,"date":"2021-12-13T13:39:00","date_gmt":"2021-12-13T12:39:00","guid":{"rendered":"http:\/\/www.tucomarca.com\/wordpress\/segunda\/?p=145758"},"modified":"2021-12-14T09:44:01","modified_gmt":"2021-12-14T08:44:01","slug":"la-fiesta-de-la-tomatina-de-bunol-crea-su-paseo-de-la-fama-con-placas-que-marcan-el-recorrido-de-la-fiesta","status":"publish","type":"post","link":"https:\/\/www.tucomarca.com\/wordpress\/segunda\/la-fiesta-de-la-tomatina-de-bunol-crea-su-paseo-de-la-fama-con-placas-que-marcan-el-recorrido-de-la-fiesta\/","title":{"rendered":"La Fiesta de la Tomatina de Bu\u00f1ol crea su \u201cPaseo de la Fama\u201d con placas que marcan el recorrido de la fiesta"},"content":{"rendered":"\n<h4 class=\"wp-block-heading\">La Fiesta de la Tomatina de Bu\u00f1ol recibe una subvenci\u00f3n de la Diputaci\u00f3n de Valencia para dar a conocer el recorrido por el que discurre esta fiesta todos los \u00faltimos mi\u00e9rcoles de agosto.<\/h4>\n\n\n\n<p>Mar\u00eda Vall\u00e9s, concejala de Turismo y Tomatina del Ayuntamiento de Bu\u00f1ol, ha informado de la recepci\u00f3n de una peque\u00f1a subvenci\u00f3n de la Diputaci\u00f3n de Valencia, de 1.500\u20ac, con la que se ha confeccionado un \u201cPaseo de la Fama\u201d con baldosas met\u00e1licas en todo el recorrido tradicional de esta fiesta, declarada Fiesta de Inter\u00e9s Tur\u00edstico Internacional por la Secretar\u00eda General de Turismo. Todos los visitantes podr\u00e1n conocer de cerca por d\u00f3nde se lanzan los tomates cada a\u00f1o, hacerse fotos con los baldosas met\u00e1licas instaladas en las aceras del recorrido y si lo siguen les llevar\u00e1 al Museo de la Tomatina: \u201cconociendo de primera mano el recorrido sin tomates y con tomates, gracias la experiencia VR Tomatina Virtual que te adentra en una t\u00edpica Tomatina\u201d.<\/p>\n\n\n\n<p>Al m\u00e1s puro estilo del \u201cPaseo de las Estrellas\u201d, Bu\u00f1ol da a conocer otro de sus inmensos potenciales tur\u00edsticos con los que cuenta. Adem\u00e1s de los bellos parajes naturales, su excelente y \u00fanica gastronom\u00eda e incre\u00edbles edificios hist\u00f3ricos y patrimoniales, tiene que unirse el Museo de la Tomatina, que est\u00e1 en el Edificio Gal\u00e1n, donde tambi\u00e9n est\u00e1 la Oficina de Turismo y la Biblioteca P\u00fablica Municipal \u201ccronista Fernando Galarza\u201d.<\/p>\n\n\n\n<p>Adem\u00e1s, la edil informa de que ma\u00f1ana martes 14 de diciembre se reinaugurar\u00e1 este museo, que cuenta con una tecnolog\u00eda punta \u00fanica, diferentes photocalls para hacerse fotos y tambi\u00e9n para vivir in situ de una tomatina \u00fanica con la Sala Inmersiva. \u201cVendr\u00e1n agencias de turismo y medios de comunicaci\u00f3n porque pensamos que debemos continuar con nuestra campa\u00f1a tur\u00edstica sobre Tomatina como gancho para que conozcan Bu\u00f1ol. A trav\u00e9s de la Oficina de Turismo pueden visitar este museo los viernes, s\u00e1bados y domingos de 10 a 13.30h y con reserva previa, los mi\u00e9rcoles y jueves en ese mismo horario\u201d.&nbsp;<\/p>\n\n\n\n<p>De hecho recuerda que ya han venido turistas que aprovechan para conocer Bu\u00f1ol, su castillo, sus platos, sus teatros y de paso el Museo de la Tomatina. \u201cContinuamos trabajando para dar a conocer nuestra bella localidad para un turista familiar, cercano y que busca experiencias gastron\u00f3micas y de interior \u00fanicas\u201d, finaliza Vall\u00e9s. &nbsp;<\/p>\n","protected":false},"excerpt":{"rendered":"<div class=\"mh-excerpt\">La Fiesta de la Tomatina de Bu\u00f1ol recibe una subvenci\u00f3n de la Diputaci\u00f3n de Valencia para dar a conocer el recorrido por el que discurre esta fiesta todos los \u00faltimos mi\u00e9rcoles de agosto. Mar\u00eda Vall\u00e9s, <a class=\"mh-excerpt-more\" href=\"https:\/\/www.tucomarca.com\/wordpress\/segunda\/la-fiesta-de-la-tomatina-de-bunol-crea-su-paseo-de-la-fama-con-placas-que-marcan-el-recorrido-de-la-fiesta\/\" title=\"La Fiesta de la Tomatina de Bu\u00f1ol crea su \u201cPaseo de la Fama\u201d con placas que marcan el recorrido de la fiesta\">[+] <\/a><\/div>\n","protected":false},"author":1,"featured_media":145759,"comment_status":"open","ping_status":"open","sticky":false,"template":"","format":"standard","meta":{"footnotes":""},"categories":[18,128,8,10,7,3],"tags":[],"class_list":{"0":"post-145758","1":"post","2":"type-post","3":"status-publish","4":"format-standard","5":"has-post-thumbnail","7":"category-bunol","8":"category-infraestructuras","9":"category-la-comarca","10":"category-la-hoya","11":"category-ocio-y-cultura","12":"category-seccion"},"_links":{"self":[{"href":"https:\/\/www.tucomarca.com\/wordpress\/segunda\/wp-json\/wp\/v2\/posts\/145758","targetHints":{"allow":["GET"]}}],"collection":[{"href":"https:\/\/www.tucomarca.com\/wordpress\/segunda\/wp-json\/wp\/v2\/posts"}],"about":[{"href":"https:\/\/www.tucomarca.com\/wordpress\/segunda\/wp-json\/wp\/v2\/types\/post"}],"author":[{"embeddable":true,"href":"https:\/\/www.tucomarca.com\/wordpress\/segunda\/wp-json\/wp\/v2\/users\/1"}],"replies":[{"embeddable":true,"href":"https:\/\/www.tucomarca.com\/wordpress\/segunda\/wp-json\/wp\/v2\/comments?post=145758"}],"version-history":[{"count":0,"href":"https:\/\/www.tucomarca.com\/wordpress\/segunda\/wp-json\/wp\/v2\/posts\/145758\/revisions"}],"wp:featuredmedia":[{"embeddable":true,"href":"https:\/\/www.tucomarca.com\/wordpress\/segunda\/wp-json\/wp\/v2\/media\/145759"}],"wp:attachment":[{"href":"https:\/\/www.tucomarca.com\/wordpress\/segunda\/wp-json\/wp\/v2\/media?parent=145758"}],"wp:term":[{"taxonomy":"category","embeddable":true,"href":"https:\/\/www.tucomarca.com\/wordpress\/segunda\/wp-json\/wp\/v2\/categories?post=145758"},{"taxonomy":"post_tag","embeddable":true,"href":"https:\/\/www.tucomarca.com\/wordpress\/segunda\/wp-json\/wp\/v2\/tags?post=145758"}],"curies":[{"name":"wp","href":"https:\/\/api.w.org\/{rel}","templated":true}]}}