{"id":145802,"date":"2021-12-14T13:01:00","date_gmt":"2021-12-14T12:01:00","guid":{"rendered":"http:\/\/www.tucomarca.com\/wordpress\/segunda\/?p=145802"},"modified":"2021-12-14T15:11:53","modified_gmt":"2021-12-14T14:11:53","slug":"el-ayuntamiento-de-turis-inicia-el-curso-para-ser-monitor-de-tiempo-libre","status":"publish","type":"post","link":"https:\/\/www.tucomarca.com\/wordpress\/segunda\/el-ayuntamiento-de-turis-inicia-el-curso-para-ser-monitor-de-tiempo-libre\/","title":{"rendered":"El Ayuntamiento de Tur\u00eds inicia el curso para ser monitor de tiempo libre"},"content":{"rendered":"\n<figure class=\"wp-block-image size-large\"><img loading=\"lazy\" decoding=\"async\" width=\"1024\" height=\"576\" src=\"https:\/\/www.tucomarca.com\/wordpress\/segunda\/wp-content\/uploads\/2021\/12\/TurisMonitor-1024x576.jpg\" alt=\"\" class=\"wp-image-145804\" srcset=\"https:\/\/www.tucomarca.com\/wordpress\/segunda\/wp-content\/uploads\/2021\/12\/TurisMonitor-1024x576.jpg 1024w, https:\/\/www.tucomarca.com\/wordpress\/segunda\/wp-content\/uploads\/2021\/12\/TurisMonitor-300x169.jpg 300w, https:\/\/www.tucomarca.com\/wordpress\/segunda\/wp-content\/uploads\/2021\/12\/TurisMonitor-768x432.jpg 768w, https:\/\/www.tucomarca.com\/wordpress\/segunda\/wp-content\/uploads\/2021\/12\/TurisMonitor-1536x864.jpg 1536w, https:\/\/www.tucomarca.com\/wordpress\/segunda\/wp-content\/uploads\/2021\/12\/TurisMonitor-2048x1152.jpg 2048w, https:\/\/www.tucomarca.com\/wordpress\/segunda\/wp-content\/uploads\/2021\/12\/TurisMonitor-678x381.jpg 678w\" sizes=\"auto, (max-width: 1024px) 100vw, 1024px\" \/><\/figure>\n\n\n\n<p><br>El Ayuntamiento de Tur\u00eds ofrece nuevamente la oportunidad de formarse como monitor o monitora de tiempo libre a trav\u00e9s del cursillo que organiza en colaboraci\u00f3n con el IVAJ. El alcalde, Eugenio Forta\u00f1a, y el regidor de Juventud, Rafa Algarra, han dado la bienvenida a los j\u00f3venes en la primera sesi\u00f3n del curso.<\/p>\n\n\n\n<p>Los dos han coincidido al animar a los participantes para aprovechar esta oportunidad que les puede abrir muchas puertas en el futuro. Por ejemplo, y sin ir m\u00e1s lejos, en el escuela de verano que se organiza cada a\u00f1o desde el consistorio.<\/p>\n\n\n\n<p>Del mismo modo se han puesto a disposici\u00f3n de la juventud del pueblo: \u201clas puertas del ayuntamiento est\u00e1n abiertas para escuchar vuestras inquietudes y sugerencias, para que nos puedan servir para mejorar los servicios\u201d, ha comentado el alcalde.<\/p>\n\n\n\n<p>Rafa Algarra ha estacado el departamento t\u00e9cnico de juventud como \u201cla principal herramienta a vuestro servicio y a trav\u00e9s de la cual podemos estar en contacto en cualquier momento\u201d.<\/p>\n","protected":false},"excerpt":{"rendered":"<div class=\"mh-excerpt\">El Ayuntamiento de Tur\u00eds ofrece nuevamente la oportunidad de formarse como monitor o monitora de tiempo libre a trav\u00e9s del cursillo que organiza en colaboraci\u00f3n con el IVAJ. El alcalde, Eugenio Forta\u00f1a, y el regidor <a class=\"mh-excerpt-more\" href=\"https:\/\/www.tucomarca.com\/wordpress\/segunda\/el-ayuntamiento-de-turis-inicia-el-curso-para-ser-monitor-de-tiempo-libre\/\" title=\"El Ayuntamiento de Tur\u00eds inicia el curso para ser monitor de tiempo libre\">[+] <\/a><\/div>\n","protected":false},"author":12,"featured_media":145806,"comment_status":"open","ping_status":"open","sticky":false,"template":"","format":"standard","meta":{"footnotes":""},"categories":[128,8,42,142,3,43],"tags":[16033,1407,10394],"class_list":{"0":"post-145802","1":"post","2":"type-post","3":"status-publish","4":"format-standard","5":"has-post-thumbnail","7":"category-infraestructuras","8":"category-la-comarca","9":"category-la-ribera","10":"category-politica-la-comarca","11":"category-seccion","12":"category-turis","13":"tag-curso-de-monitor-de-tiempo-libre","14":"tag-ribera-alta","15":"tag-turis"},"_links":{"self":[{"href":"https:\/\/www.tucomarca.com\/wordpress\/segunda\/wp-json\/wp\/v2\/posts\/145802","targetHints":{"allow":["GET"]}}],"collection":[{"href":"https:\/\/www.tucomarca.com\/wordpress\/segunda\/wp-json\/wp\/v2\/posts"}],"about":[{"href":"https:\/\/www.tucomarca.com\/wordpress\/segunda\/wp-json\/wp\/v2\/types\/post"}],"author":[{"embeddable":true,"href":"https:\/\/www.tucomarca.com\/wordpress\/segunda\/wp-json\/wp\/v2\/users\/12"}],"replies":[{"embeddable":true,"href":"https:\/\/www.tucomarca.com\/wordpress\/segunda\/wp-json\/wp\/v2\/comments?post=145802"}],"version-history":[{"count":0,"href":"https:\/\/www.tucomarca.com\/wordpress\/segunda\/wp-json\/wp\/v2\/posts\/145802\/revisions"}],"wp:featuredmedia":[{"embeddable":true,"href":"https:\/\/www.tucomarca.com\/wordpress\/segunda\/wp-json\/wp\/v2\/media\/145806"}],"wp:attachment":[{"href":"https:\/\/www.tucomarca.com\/wordpress\/segunda\/wp-json\/wp\/v2\/media?parent=145802"}],"wp:term":[{"taxonomy":"category","embeddable":true,"href":"https:\/\/www.tucomarca.com\/wordpress\/segunda\/wp-json\/wp\/v2\/categories?post=145802"},{"taxonomy":"post_tag","embeddable":true,"href":"https:\/\/www.tucomarca.com\/wordpress\/segunda\/wp-json\/wp\/v2\/tags?post=145802"}],"curies":[{"name":"wp","href":"https:\/\/api.w.org\/{rel}","templated":true}]}}