{"id":145841,"date":"2021-12-14T15:30:00","date_gmt":"2021-12-14T14:30:00","guid":{"rendered":"http:\/\/www.tucomarca.com\/wordpress\/segunda\/?p=145841"},"modified":"2021-12-14T15:37:51","modified_gmt":"2021-12-14T14:37:51","slug":"colomer-destaca-que-la-tomatina-de-bunol-es-un-fenomeno-que-mejora-nuestra-propuesta-de-valor-de-autenticidad-y-diferenciacion-por-todo-el-mundo","status":"publish","type":"post","link":"https:\/\/www.tucomarca.com\/wordpress\/segunda\/colomer-destaca-que-la-tomatina-de-bunol-es-un-fenomeno-que-mejora-nuestra-propuesta-de-valor-de-autenticidad-y-diferenciacion-por-todo-el-mundo\/","title":{"rendered":"Colomer destaca que la Tomatina de Bu\u00f1ol \u00abes un fen\u00f3meno que mejora nuestra propuesta de valor, de autenticidad y diferenciaci\u00f3n por todo el mundo\u00bb"},"content":{"rendered":"\n<p><strong>El secretario auton\u00f3mico de Turisme ha asistido a la reapertura del Museo de la Tomatina de Bu\u00f1ol<\/strong><\/p>\n\n\n\n<p><strong>El titular de Turisme y la alcaldesa de Bu\u00f1ol han suscrito el convenio de colaboraci\u00f3n entre ambas entidades<\/strong><\/p>\n\n\n\n<p>El secretario auton\u00f3mico de Turisme, Francesc Colomer, ha asistido junto con la alcaldesa de Bu\u00f1ol, Juncal Carrascosa, a la reapertura del Museo de la Tomatina de la localidad, donde calificado la fiesta como \u00abun fen\u00f3meno que contribuye y mejora la propuesta de valor, de la diversidad, de la autenticidad, y de diferenciaci\u00f3n por todo el mundo\u00bb.<\/p>\n\n\n\n<p>Tras la visita al Museo de la Tomatina, el titular de Turisme y la alcaldesa de Bu\u00f1ol han suscrito el convenio de colaboraci\u00f3n entre ambas entidades para la realizaci\u00f3n de acciones de promoci\u00f3n tur\u00edstica del municipio.<\/p>\n\n\n\n<p>Mediante este convenio, Turisme Comunitat Valenciana contribuye econ\u00f3micamente con 60.000 euros para la realizaci\u00f3n de acciones de promoci\u00f3n del producto tur\u00edstico de Bu\u00f1ol.&nbsp;<\/p>\n\n\n\n<p>En concreto, a trav\u00e9s de este convenio, el Ayuntamiento de Bu\u00f1ol ha impulsado &#8216;Bu\u00f1ol com a Dest\u00ed&#8217;, acci\u00f3n que incluye agenda cultural y acontecimientos gratuitos con el eje principal de la m\u00fasica, adem\u00e1s de &#8216;Concerts segurs 2.0&#8217;, la VII Biennal d&#8217;Art, as\u00ed como el IV Festival de Par en Part.<\/p>\n\n\n\n<p>Adem\u00e1s, mediante este convenio, Turisme Comunitat Valenciana y el Ayuntamiento de Bu\u00f1ol establecen actuaciones dirigidas a promocionar la fiesta de la Tomatina, declarada Fiesta de Inter\u00e9s Tur\u00edstico Internacional.<\/p>\n","protected":false},"excerpt":{"rendered":"<div class=\"mh-excerpt\">El secretario auton\u00f3mico de Turisme ha asistido a la reapertura del Museo de la Tomatina de Bu\u00f1ol El titular de Turisme y la alcaldesa de Bu\u00f1ol han suscrito el convenio de colaboraci\u00f3n entre ambas entidades <a class=\"mh-excerpt-more\" href=\"https:\/\/www.tucomarca.com\/wordpress\/segunda\/colomer-destaca-que-la-tomatina-de-bunol-es-un-fenomeno-que-mejora-nuestra-propuesta-de-valor-de-autenticidad-y-diferenciacion-por-todo-el-mundo\/\" title=\"Colomer destaca que la Tomatina de Bu\u00f1ol \u00abes un fen\u00f3meno que mejora nuestra propuesta de valor, de autenticidad y diferenciaci\u00f3n por todo el mundo\u00bb\">[+] <\/a><\/div>\n","protected":false},"author":1,"featured_media":145843,"comment_status":"open","ping_status":"open","sticky":false,"template":"","format":"standard","meta":{"footnotes":""},"categories":[18,128,8,72,10,7,142,383,3,45],"tags":[],"class_list":{"0":"post-145841","1":"post","2":"type-post","3":"status-publish","4":"format-standard","5":"has-post-thumbnail","7":"category-bunol","8":"category-infraestructuras","9":"category-la-comarca","10":"category-sin-categorizar","11":"category-la-hoya","12":"category-ocio-y-cultura","13":"category-politica-la-comarca","14":"category-pueblos-en-fiestas","15":"category-seccion","16":"category-ventana"},"_links":{"self":[{"href":"https:\/\/www.tucomarca.com\/wordpress\/segunda\/wp-json\/wp\/v2\/posts\/145841","targetHints":{"allow":["GET"]}}],"collection":[{"href":"https:\/\/www.tucomarca.com\/wordpress\/segunda\/wp-json\/wp\/v2\/posts"}],"about":[{"href":"https:\/\/www.tucomarca.com\/wordpress\/segunda\/wp-json\/wp\/v2\/types\/post"}],"author":[{"embeddable":true,"href":"https:\/\/www.tucomarca.com\/wordpress\/segunda\/wp-json\/wp\/v2\/users\/1"}],"replies":[{"embeddable":true,"href":"https:\/\/www.tucomarca.com\/wordpress\/segunda\/wp-json\/wp\/v2\/comments?post=145841"}],"version-history":[{"count":0,"href":"https:\/\/www.tucomarca.com\/wordpress\/segunda\/wp-json\/wp\/v2\/posts\/145841\/revisions"}],"wp:featuredmedia":[{"embeddable":true,"href":"https:\/\/www.tucomarca.com\/wordpress\/segunda\/wp-json\/wp\/v2\/media\/145843"}],"wp:attachment":[{"href":"https:\/\/www.tucomarca.com\/wordpress\/segunda\/wp-json\/wp\/v2\/media?parent=145841"}],"wp:term":[{"taxonomy":"category","embeddable":true,"href":"https:\/\/www.tucomarca.com\/wordpress\/segunda\/wp-json\/wp\/v2\/categories?post=145841"},{"taxonomy":"post_tag","embeddable":true,"href":"https:\/\/www.tucomarca.com\/wordpress\/segunda\/wp-json\/wp\/v2\/tags?post=145841"}],"curies":[{"name":"wp","href":"https:\/\/api.w.org\/{rel}","templated":true}]}}