{"id":14604,"date":"2013-05-24T14:02:18","date_gmt":"2013-05-24T13:02:18","guid":{"rendered":"http:\/\/www.tucomarca.com\/wordpress\/segunda\/?p=14604"},"modified":"2013-05-24T14:02:20","modified_gmt":"2013-05-24T13:02:20","slug":"el-cd-cheste-homenajea-el-domingo-al-ex-presidente-hilario-cabrera","status":"publish","type":"post","link":"https:\/\/www.tucomarca.com\/wordpress\/segunda\/el-cd-cheste-homenajea-el-domingo-al-ex-presidente-hilario-cabrera\/","title":{"rendered":"El CD Cheste homenajea el domingo al ex presidente Hilario Cabrera"},"content":{"rendered":"<p><a href=\"https:\/\/www.tucomarca.com\/wordpress\/segunda\/?attachment_id=14605\" rel=\"attachment wp-att-14605\"><img loading=\"lazy\" decoding=\"async\" src=\"https:\/\/www.tucomarca.com\/wordpress\/segunda\/wp-content\/uploads\/2013\/05\/Foto-Hilario-224x300.jpg\" alt=\"\" title=\"Foto Hilario\" width=\"224\" height=\"300\" class=\"alignleft size-medium wp-image-14605\" srcset=\"https:\/\/www.tucomarca.com\/wordpress\/segunda\/wp-content\/uploads\/2013\/05\/Foto-Hilario-224x300.jpg 224w, https:\/\/www.tucomarca.com\/wordpress\/segunda\/wp-content\/uploads\/2013\/05\/Foto-Hilario.jpg 236w\" sizes=\"auto, (max-width: 224px) 100vw, 224px\" \/><\/a>Por Chimo Mir<br \/>\nEste pr\u00f3ximo domingo 26 se va a celebrar el merecido homenaje a quien ejerci\u00f3 como presidente del Club Deportivo Cheste durante seis temporadas, Hilario Cabrera Torrico. Como se ha informado desde el club, los actos comenzar\u00e1n a las 18,15 horas, mientras que a las 19 horas se va a disputar un partido amistoso entre la UD Puzol y el conjunto chestano.<br \/>\nLos amarillos van a disputar este encuentro con jugadores de la actual plantilla y muchos otros que pasaron por el club durante la presidencia de Hilario, alguno de los cuales ya no est\u00e1 en activo. Entre los ex jugadores estar\u00e1n el portero Serradell, Chumele, Josevi, Arcos, Carlos Abad, Sergio, Periche y los actuales jugadores del CD Cheste; Nacho, Edu, Pelarda, \u00c1lex, Solves, Luis, JC, Corella, Abraham, Jorge, Carlos y Ra\u00fal Carmona. Tampoco faltar\u00e1n los ex jugadores de Cheste  Norber, Boni, Vidal, Kike, Chapi, as\u00ed como Loren y Carri. Otros jugadores como San Isidro, Pablo y Manzaneque est\u00e1n a expensas de la disputa de su partido de Promoci\u00f3n con el Paterna.<br \/>\nEl equipo estar\u00e1 dirigido por Gustavo Embela y Carlos Luque, quienes contar\u00e1n como segundo con Marcos Agramunt.<br \/>\nDesde el club se ruega la m\u00e1xima asistencia en reconocimiento a quien trabaj\u00f3 \u00abpor y para el Cheste\u00bb durante a\u00f1os.<\/p>\n","protected":false},"excerpt":{"rendered":"<div class=\"mh-excerpt\">Por Chimo Mir Este pr\u00f3ximo domingo 26 se va a celebrar el merecido homenaje a quien ejerci\u00f3 como presidente del Club Deportivo Cheste durante seis temporadas, Hilario Cabrera Torrico. Como se ha informado desde el <a class=\"mh-excerpt-more\" href=\"https:\/\/www.tucomarca.com\/wordpress\/segunda\/el-cd-cheste-homenajea-el-domingo-al-ex-presidente-hilario-cabrera\/\" title=\"El CD Cheste homenajea el domingo al ex presidente Hilario Cabrera\">[+] <\/a><\/div>\n","protected":false},"author":2,"featured_media":14605,"comment_status":"open","ping_status":"open","sticky":false,"template":"","format":"standard","meta":{"footnotes":""},"categories":[4,17,10,3],"tags":[1023,1022,778],"class_list":{"0":"post-14604","1":"post","2":"type-post","3":"status-publish","4":"format-standard","5":"has-post-thumbnail","7":"category-agenda","8":"category-cheste","9":"category-la-hoya","10":"category-seccion","11":"tag-cabrera","12":"tag-hilario","13":"tag-homenaje"},"_links":{"self":[{"href":"https:\/\/www.tucomarca.com\/wordpress\/segunda\/wp-json\/wp\/v2\/posts\/14604","targetHints":{"allow":["GET"]}}],"collection":[{"href":"https:\/\/www.tucomarca.com\/wordpress\/segunda\/wp-json\/wp\/v2\/posts"}],"about":[{"href":"https:\/\/www.tucomarca.com\/wordpress\/segunda\/wp-json\/wp\/v2\/types\/post"}],"author":[{"embeddable":true,"href":"https:\/\/www.tucomarca.com\/wordpress\/segunda\/wp-json\/wp\/v2\/users\/2"}],"replies":[{"embeddable":true,"href":"https:\/\/www.tucomarca.com\/wordpress\/segunda\/wp-json\/wp\/v2\/comments?post=14604"}],"version-history":[{"count":0,"href":"https:\/\/www.tucomarca.com\/wordpress\/segunda\/wp-json\/wp\/v2\/posts\/14604\/revisions"}],"wp:featuredmedia":[{"embeddable":true,"href":"https:\/\/www.tucomarca.com\/wordpress\/segunda\/wp-json\/wp\/v2\/media\/14605"}],"wp:attachment":[{"href":"https:\/\/www.tucomarca.com\/wordpress\/segunda\/wp-json\/wp\/v2\/media?parent=14604"}],"wp:term":[{"taxonomy":"category","embeddable":true,"href":"https:\/\/www.tucomarca.com\/wordpress\/segunda\/wp-json\/wp\/v2\/categories?post=14604"},{"taxonomy":"post_tag","embeddable":true,"href":"https:\/\/www.tucomarca.com\/wordpress\/segunda\/wp-json\/wp\/v2\/tags?post=14604"}],"curies":[{"name":"wp","href":"https:\/\/api.w.org\/{rel}","templated":true}]}}