{"id":146134,"date":"2021-12-20T12:00:00","date_gmt":"2021-12-20T11:00:00","guid":{"rendered":"http:\/\/www.tucomarca.com\/wordpress\/segunda\/?p=146134"},"modified":"2021-12-21T09:36:21","modified_gmt":"2021-12-21T08:36:21","slug":"el-prya-exige-al-gobierno-socialista-de-requena-que-pague-ya-la-subvencion-de-la-promocion-gastronomica-a-la-hosteleria","status":"publish","type":"post","link":"https:\/\/www.tucomarca.com\/wordpress\/segunda\/el-prya-exige-al-gobierno-socialista-de-requena-que-pague-ya-la-subvencion-de-la-promocion-gastronomica-a-la-hosteleria\/","title":{"rendered":"El PRyA exige al Gobierno Socialista de Requena que pague ya la subvenci\u00f3n de la promoci\u00f3n gastron\u00f3mica a la hosteler\u00eda"},"content":{"rendered":"\n<h4 class=\"wp-block-heading\">\u00abEl ayuntamiento convoca las subvenciones para la promoci\u00f3n gastron\u00f3mica de 2021 cuando a\u00fan no han pagado las de 2020, adem\u00e1s, tan s\u00f3lo dan 10 d\u00edas para solicitarlas\u00bb&nbsp;<\/h4>\n\n\n\n<p>\u00abDespu\u00e9s de un a\u00f1o de la convocatoria de las subvenciones para la promoci\u00f3n gastron\u00f3mica, los sectores de la hosteler\u00eda, vinotecas y hoteles siguen sin cobrar el dinero asignado\u00bb, seg\u00fan el PRyA.\u00a0<\/p>\n\n\n\n<p>\u00abDesde el PRyA recordamos que el Ayuntamiento de Requena convoc\u00f3 en diciembre de 2020 subvenciones por un importe de 18.000 \u20ac destinadas a restaurantes, bares, hoteles y vinotecas para potenciar las iniciativas destinadas a la promoci\u00f3n gastron\u00f3mica local\u00bb.\u00a0<\/p>\n\n\n\n<p>\u00abAhora, el gobierno socialista ha convocado esta misma subvenci\u00f3n correspondiente al 2021 sin que los hosteleros hayan cobrado la de 2020, algo que ha indignado profundamente a todo el sector\u00bb.\u00a0<\/p>\n\n\n\n<p>Desde el PRyA \u00abnos hacemos la siguiente pregunta \u00bfsi Mario S\u00e1nchez presume de tener super\u00e1vit en las cuentas del Ayuntamiento por qu\u00e9 no paga lo que debe a los hosteleros?\u00bb.<\/p>\n\n\n\n<p>\u00abAdem\u00e1s de todo esto, en la convocatoria del gobierno socialista de las subvenciones de 2021, tan s\u00f3lo dan 10 d\u00edas para presentar la documentaci\u00f3n, ya que tiene que ser antes de que acabe el a\u00f1o, un tiempo que algunos hosteleros consideran insuficiente. Desde el PRyA nos preguntamos por qu\u00e9 Mario S\u00e1nchez espera a mediados de diciembre para convocar estas subvenciones cuando lo podr\u00eda haber hecho en cualquier otro mes del a\u00f1o\u00bb.\u00a0<\/p>\n\n\n\n<p>\u00abSeg\u00fan nos comentan varios hosteleros, al perjuicio de no cobrar se suman los gastos de las gestor\u00edas para solicitar estas subvenciones que asumen ellos mismos\u00bb.\u00a0<\/p>\n\n\n\n<p>Por todo lo anterior, desde el PRyA \u00abexigimos al gobierno socialista de Mario S\u00e1nchez que pague con urgencia el dinero que debe a los hosteleros desde hace un a\u00f1o correspondiente a la subvenci\u00f3n de promoci\u00f3n gastron\u00f3mica\u00bb.\u00a0<\/p>\n","protected":false},"excerpt":{"rendered":"<div class=\"mh-excerpt\">\u00abEl ayuntamiento convoca las subvenciones para la promoci\u00f3n gastron\u00f3mica de 2021 cuando a\u00fan no han pagado las de 2020, adem\u00e1s, tan s\u00f3lo dan 10 d\u00edas para solicitarlas\u00bb&nbsp; \u00abDespu\u00e9s de un a\u00f1o de la convocatoria de <a class=\"mh-excerpt-more\" href=\"https:\/\/www.tucomarca.com\/wordpress\/segunda\/el-prya-exige-al-gobierno-socialista-de-requena-que-pague-ya-la-subvencion-de-la-promocion-gastronomica-a-la-hosteleria\/\" title=\"El PRyA exige al Gobierno Socialista de Requena que pague ya la subvenci\u00f3n de la promoci\u00f3n gastron\u00f3mica a la hosteler\u00eda\">[+] <\/a><\/div>\n","protected":false},"author":12,"featured_media":146139,"comment_status":"open","ping_status":"open","sticky":false,"template":"","format":"standard","meta":{"footnotes":""},"categories":[128,8,142,28,27,3],"tags":[7315,7827,10387],"class_list":{"0":"post-146134","1":"post","2":"type-post","3":"status-publish","4":"format-standard","5":"has-post-thumbnail","7":"category-infraestructuras","8":"category-la-comarca","9":"category-politica-la-comarca","10":"category-requena","11":"category-requena-utiel","12":"category-seccion","13":"tag-partido-de-requena-y-aldeas","14":"tag-prya","15":"tag-requena-utiel"},"_links":{"self":[{"href":"https:\/\/www.tucomarca.com\/wordpress\/segunda\/wp-json\/wp\/v2\/posts\/146134","targetHints":{"allow":["GET"]}}],"collection":[{"href":"https:\/\/www.tucomarca.com\/wordpress\/segunda\/wp-json\/wp\/v2\/posts"}],"about":[{"href":"https:\/\/www.tucomarca.com\/wordpress\/segunda\/wp-json\/wp\/v2\/types\/post"}],"author":[{"embeddable":true,"href":"https:\/\/www.tucomarca.com\/wordpress\/segunda\/wp-json\/wp\/v2\/users\/12"}],"replies":[{"embeddable":true,"href":"https:\/\/www.tucomarca.com\/wordpress\/segunda\/wp-json\/wp\/v2\/comments?post=146134"}],"version-history":[{"count":0,"href":"https:\/\/www.tucomarca.com\/wordpress\/segunda\/wp-json\/wp\/v2\/posts\/146134\/revisions"}],"wp:featuredmedia":[{"embeddable":true,"href":"https:\/\/www.tucomarca.com\/wordpress\/segunda\/wp-json\/wp\/v2\/media\/146139"}],"wp:attachment":[{"href":"https:\/\/www.tucomarca.com\/wordpress\/segunda\/wp-json\/wp\/v2\/media?parent=146134"}],"wp:term":[{"taxonomy":"category","embeddable":true,"href":"https:\/\/www.tucomarca.com\/wordpress\/segunda\/wp-json\/wp\/v2\/categories?post=146134"},{"taxonomy":"post_tag","embeddable":true,"href":"https:\/\/www.tucomarca.com\/wordpress\/segunda\/wp-json\/wp\/v2\/tags?post=146134"}],"curies":[{"name":"wp","href":"https:\/\/api.w.org\/{rel}","templated":true}]}}