{"id":146172,"date":"2021-12-20T19:00:00","date_gmt":"2021-12-20T18:00:00","guid":{"rendered":"http:\/\/www.tucomarca.com\/wordpress\/segunda\/?p=146172"},"modified":"2021-12-21T09:32:11","modified_gmt":"2021-12-21T08:32:11","slug":"la-guardia-civil-rescata-a-dos-personas-que-estaban-a-punto-de-despenarse-por-un-precipicio","status":"publish","type":"post","link":"https:\/\/www.tucomarca.com\/wordpress\/segunda\/la-guardia-civil-rescata-a-dos-personas-que-estaban-a-punto-de-despenarse-por-un-precipicio\/","title":{"rendered":"La Guardia Civil rescata a dos personas que estaban a punto de despe\u00f1arse por un precipicio"},"content":{"rendered":"\n<h4 class=\"wp-block-heading\">Ante el peligro inminente, y a pesar de la falta de iluminaci\u00f3n y ser una zona angosta, los agentes decidieron asegurar el veh\u00edculo mediante la colocaci\u00f3n de piedras en las ruedas, junto con un anclaje directo al veh\u00edculo oficial<\/h4>\n\n\n\n<p>La tarde del 11 de diciembre, sobre las 20:00 horas la Central Operativa de Servicios de la Guardia Civil de Valencia, recibi\u00f3 un aviso en el que se informaba de que dos personas, entre ellas una menor de edad, se encontraban atrapadas en el interior de su veh\u00edculo con riesgo de precipitarse por un barranco, en la localidad de Chelva.<\/p>\n\n\n\n<p>En un principio, las coordenadas del lugar no coincid\u00edan con la ubicaci\u00f3n real de los auxiliados, por lo que la Guardia Civil puso, de inmediato, un dispositivo de b\u00fasqueda y localizaci\u00f3n.<\/p>\n\n\n\n<p>La Guardia Civil de Pobla de Vallbona procedi\u00f3 a desplazarse hasta las inmediaciones del puente de la Mozaira, donde podr\u00edan encontrarse las v\u00edctimas. Estos son localizados en un veh\u00edculo, suspendido con las dos ruedas traseras en el aire, con un riesgo muy real de despe\u00f1arse por el barranco hacia el R\u00edo Tu\u00e9jar.<\/p>\n\n\n\n<p>Ante el peligro inminente, y a pesar de la falta de iluminaci\u00f3n y ser una zona angosta, los agentes decidieron asegurar el veh\u00edculo mediante la colocaci\u00f3n de piedras en las ruedas, junto con un anclaje directo al veh\u00edculo oficial.&nbsp;<\/p>\n\n\n\n<p>Despu\u00e9s de una complicada tarea, la r\u00e1pida actuaci\u00f3n y la pericia por parte de los agentes, posibilit\u00f3 el arrastre del veh\u00edculo hacia una zona segura y el rescate de los dos ocupantes sin ninguna lesi\u00f3n.<\/p>\n\n\n\n<p>Gracias a la profesionalidad y determinaci\u00f3n que demostraron los participantes en esta actuaci\u00f3n, lograron auxiliar a la v\u00edctima y al menor, evitando as\u00ed un mal mayor.<\/p>\n","protected":false},"excerpt":{"rendered":"<div class=\"mh-excerpt\">Ante el peligro inminente, y a pesar de la falta de iluminaci\u00f3n y ser una zona angosta, los agentes decidieron asegurar el veh\u00edculo mediante la colocaci\u00f3n de piedras en las ruedas, junto con un anclaje <a class=\"mh-excerpt-more\" href=\"https:\/\/www.tucomarca.com\/wordpress\/segunda\/la-guardia-civil-rescata-a-dos-personas-que-estaban-a-punto-de-despenarse-por-un-precipicio\/\" title=\"La Guardia Civil rescata a dos personas que estaban a punto de despe\u00f1arse por un precipicio\">[+] <\/a><\/div>\n","protected":false},"author":12,"featured_media":146174,"comment_status":"open","ping_status":"open","sticky":false,"template":"","format":"standard","meta":{"footnotes":""},"categories":[46,128,8,174,3,116,45],"tags":[10395,1098,1335,2596],"class_list":{"0":"post-146172","1":"post","2":"type-post","3":"status-publish","4":"format-standard","5":"has-post-thumbnail","7":"category-camp-de-turia","8":"category-infraestructuras","9":"category-la-comarca","10":"category-la-pobla","11":"category-seccion","12":"category-sucesos-la-comarca","13":"category-ventana","14":"tag-camp-de-turia","15":"tag-guardia-civil","16":"tag-la-pobla-de-vallbona","17":"tag-rescate"},"_links":{"self":[{"href":"https:\/\/www.tucomarca.com\/wordpress\/segunda\/wp-json\/wp\/v2\/posts\/146172","targetHints":{"allow":["GET"]}}],"collection":[{"href":"https:\/\/www.tucomarca.com\/wordpress\/segunda\/wp-json\/wp\/v2\/posts"}],"about":[{"href":"https:\/\/www.tucomarca.com\/wordpress\/segunda\/wp-json\/wp\/v2\/types\/post"}],"author":[{"embeddable":true,"href":"https:\/\/www.tucomarca.com\/wordpress\/segunda\/wp-json\/wp\/v2\/users\/12"}],"replies":[{"embeddable":true,"href":"https:\/\/www.tucomarca.com\/wordpress\/segunda\/wp-json\/wp\/v2\/comments?post=146172"}],"version-history":[{"count":0,"href":"https:\/\/www.tucomarca.com\/wordpress\/segunda\/wp-json\/wp\/v2\/posts\/146172\/revisions"}],"wp:featuredmedia":[{"embeddable":true,"href":"https:\/\/www.tucomarca.com\/wordpress\/segunda\/wp-json\/wp\/v2\/media\/146174"}],"wp:attachment":[{"href":"https:\/\/www.tucomarca.com\/wordpress\/segunda\/wp-json\/wp\/v2\/media?parent=146172"}],"wp:term":[{"taxonomy":"category","embeddable":true,"href":"https:\/\/www.tucomarca.com\/wordpress\/segunda\/wp-json\/wp\/v2\/categories?post=146172"},{"taxonomy":"post_tag","embeddable":true,"href":"https:\/\/www.tucomarca.com\/wordpress\/segunda\/wp-json\/wp\/v2\/tags?post=146172"}],"curies":[{"name":"wp","href":"https:\/\/api.w.org\/{rel}","templated":true}]}}