{"id":146511,"date":"2021-12-30T09:13:00","date_gmt":"2021-12-30T08:13:00","guid":{"rendered":"http:\/\/www.tucomarca.com\/wordpress\/segunda\/?p=146511"},"modified":"2021-12-30T21:02:43","modified_gmt":"2021-12-30T20:02:43","slug":"la-diputacio-repara-una-calle-en-mas-del-olmo-de-ademuz-por-un-hundimiento","status":"publish","type":"post","link":"https:\/\/www.tucomarca.com\/wordpress\/segunda\/la-diputacio-repara-una-calle-en-mas-del-olmo-de-ademuz-por-un-hundimiento\/","title":{"rendered":"La Diputaci\u00f3 repara una calle en Mas del Olmo de Ademuz por un hundimiento"},"content":{"rendered":"\n<h4 class=\"wp-block-heading\">El \u00e1rea de Medio Ambiente de la Diputaci\u00f3 de Val\u00e8ncia, dirigida por la vicepresidenta Maria Josep Amig\u00f3, repara de emergencia los da\u00f1os ocasionados por el hundimiento de un muro de contenci\u00f3n<\/h4>\n\n\n\n<p>El \u00e1rea de Medio Ambiente de la Diputaci\u00f3 de Val\u00e8ncia, dentro de las actuaciones que lleva a cabo para la minimizaci\u00f3n de riesgos geol\u00f3gicos, ha finalizado la reparaci\u00f3n de un vial en Mas del Olmo, aldea del municipio de Ademuz.<\/p>\n\n\n\n<p>Las obras han consistido en el saneamiento de la zona da\u00f1ada; la construcci\u00f3n de un muro de hormig\u00f3n armado revestido con piedra de mamposter\u00eda; la sustituci\u00f3n de una valla y de la red de saneamiento afectadas por la ca\u00edda del muro; y la pavimentaci\u00f3n del vial superior.<\/p>\n\n\n\n<p>Como explica la vicepresidenta de la Diputaci\u00f3 y responsable del \u00e1rea de Medio Ambiente, Maria Josep Amig\u00f3, \u201cla zona de actuaci\u00f3n se sit\u00faa en la aldea de Mas del Olmo de Ademuz, donde se hab\u00eda producido un hundimiento de un muro de contenci\u00f3n que hab\u00eda dejado parte del mismo en voladizo con el consiguiente peligro para viandantes y para las viviendas que se asientan junto a la calle\u201d.<\/p>\n\n\n\n<p>Los trabajos han sido adjudicados por 26.647 euros, de los cuales la Diputaci\u00f3 subvenciona el 95% con 25.315 euros y el Ayuntamiento de Ademuz asume el 5% restante con 1.332 euros.<\/p>\n","protected":false},"excerpt":{"rendered":"<div class=\"mh-excerpt\">El \u00e1rea de Medio Ambiente de la Diputaci\u00f3 de Val\u00e8ncia, dirigida por la vicepresidenta Maria Josep Amig\u00f3, repara de emergencia los da\u00f1os ocasionados por el hundimiento de un muro de contenci\u00f3n El \u00e1rea de Medio <a class=\"mh-excerpt-more\" href=\"https:\/\/www.tucomarca.com\/wordpress\/segunda\/la-diputacio-repara-una-calle-en-mas-del-olmo-de-ademuz-por-un-hundimiento\/\" title=\"La Diputaci\u00f3 repara una calle en Mas del Olmo de Ademuz por un hundimiento\">[+] <\/a><\/div>\n","protected":false},"author":12,"featured_media":146513,"comment_status":"open","ping_status":"open","sticky":false,"template":"","format":"standard","meta":{"footnotes":""},"categories":[49,223,128,8,142,3,45],"tags":[10397,3677,16108,107],"class_list":{"0":"post-146511","1":"post","2":"type-post","3":"status-publish","4":"format-standard","5":"has-post-thumbnail","7":"category-ademuz","8":"category-ademuz-ademuz","9":"category-infraestructuras","10":"category-la-comarca","11":"category-politica-la-comarca","12":"category-seccion","13":"category-ventana","14":"tag-ademuz","15":"tag-diputacio-de-valencia","16":"tag-mas-del-olmo","17":"tag-medio-ambiente"},"_links":{"self":[{"href":"https:\/\/www.tucomarca.com\/wordpress\/segunda\/wp-json\/wp\/v2\/posts\/146511","targetHints":{"allow":["GET"]}}],"collection":[{"href":"https:\/\/www.tucomarca.com\/wordpress\/segunda\/wp-json\/wp\/v2\/posts"}],"about":[{"href":"https:\/\/www.tucomarca.com\/wordpress\/segunda\/wp-json\/wp\/v2\/types\/post"}],"author":[{"embeddable":true,"href":"https:\/\/www.tucomarca.com\/wordpress\/segunda\/wp-json\/wp\/v2\/users\/12"}],"replies":[{"embeddable":true,"href":"https:\/\/www.tucomarca.com\/wordpress\/segunda\/wp-json\/wp\/v2\/comments?post=146511"}],"version-history":[{"count":0,"href":"https:\/\/www.tucomarca.com\/wordpress\/segunda\/wp-json\/wp\/v2\/posts\/146511\/revisions"}],"wp:featuredmedia":[{"embeddable":true,"href":"https:\/\/www.tucomarca.com\/wordpress\/segunda\/wp-json\/wp\/v2\/media\/146513"}],"wp:attachment":[{"href":"https:\/\/www.tucomarca.com\/wordpress\/segunda\/wp-json\/wp\/v2\/media?parent=146511"}],"wp:term":[{"taxonomy":"category","embeddable":true,"href":"https:\/\/www.tucomarca.com\/wordpress\/segunda\/wp-json\/wp\/v2\/categories?post=146511"},{"taxonomy":"post_tag","embeddable":true,"href":"https:\/\/www.tucomarca.com\/wordpress\/segunda\/wp-json\/wp\/v2\/tags?post=146511"}],"curies":[{"name":"wp","href":"https:\/\/api.w.org\/{rel}","templated":true}]}}