{"id":146553,"date":"2022-01-03T19:00:00","date_gmt":"2022-01-03T18:00:00","guid":{"rendered":"http:\/\/www.tucomarca.com\/wordpress\/segunda\/?p=146553"},"modified":"2022-01-03T19:25:24","modified_gmt":"2022-01-03T18:25:24","slug":"la-comunitat-vive-un-fin-de-semana-de-record-con-22-832-nuevos-contagios-de-coronavirus-notificados-por-sanitat","status":"publish","type":"post","link":"https:\/\/www.tucomarca.com\/wordpress\/segunda\/la-comunitat-vive-un-fin-de-semana-de-record-con-22-832-nuevos-contagios-de-coronavirus-notificados-por-sanitat\/","title":{"rendered":"La Comunitat vive un fin de semana de r\u00e9cord con 22.832 nuevos contagios de coronavirus notificados por Sanitat"},"content":{"rendered":"\n<p><strong>Por provincias, se registran 2.163 nuevos casos en Castell\u00f3n, 8.390 en Alicante y 12.279 en Valencia<\/strong><\/p>\n\n\n\n<p><strong>Los hospitales valencianos tienen 1.127 personas ingresadas, 178 de ellas en la UCI<\/strong><\/p>\n\n\n\n<p>La Conselleria de Sanidad Universal y Salud P\u00fablica ha notificado un total de 22.832 nuevos casos de coronavirus confirmados por prueba PCR o a trav\u00e9s de test de ant\u00edgenos desde la actualizaci\u00f3n del viernes 31 de diciembre. Con esta actualizaci\u00f3n, la cifra total de positivos se sit\u00faa en 662.937 personas. Los nuevos casos por provincias son 2.163 en Castell\u00f3n (73.282 en total); 8.390 en Alicante (239.077) y 12.279 en Valencia (350.577). La cifra de casos no asignados se mantiene en uno.&nbsp;<\/p>\n\n\n\n<p>Por otra parte, se han registrado 12.968 altas a pacientes con coronavirus. De esta forma, el n\u00famero de personas que han superado la enfermedad desde que comenz\u00f3 la pandemia en la Comunitat Valenciana asciende a 585.322 personas. Por provincias, las altas se distribuyen as\u00ed: 65.331 en Castell\u00f3n, 212.105 en Alicante y 307.830 en Valencia. El total de altas no asignadas se mantiene en 56.<\/p>\n\n\n\n<p>Los hospitales valencianos tienen, actualmente, 1.127 personas ingresadas, 178 de ellas en la UCI: 169 en la provincia de Castell\u00f3n, 25 en UCI; 342 en la provincia de Alicante, 67 de ellas en la UCI; y 616 en la provincia de Valencia, 86 en UCI.&nbsp;<\/p>\n\n\n\n<p>Se han notificado 9 fallecimientos por coronavirus desde la \u00faltima actualizaci\u00f3n, por lo que el total de decesos desde el inicio de la pandemia asciende a 8.126: 916 en la provincia de Castell\u00f3n, 3.124 en la de Alicante y 4.086 en la de Valencia. Se trata de seis mujeres de entre 80 y 91 a\u00f1os, y tres hombres de entre 57 y 65 a\u00f1os.<\/p>\n\n\n\n<p>De acuerdo con los datos registrados, en estos momentos hay 80.930 casos activos, lo que supone un 12% del total de positivos.<\/p>\n","protected":false},"excerpt":{"rendered":"<div class=\"mh-excerpt\">Por provincias, se registran 2.163 nuevos casos en Castell\u00f3n, 8.390 en Alicante y 12.279 en Valencia Los hospitales valencianos tienen 1.127 personas ingresadas, 178 de ellas en la UCI La Conselleria de Sanidad Universal y <a class=\"mh-excerpt-more\" href=\"https:\/\/www.tucomarca.com\/wordpress\/segunda\/la-comunitat-vive-un-fin-de-semana-de-record-con-22-832-nuevos-contagios-de-coronavirus-notificados-por-sanitat\/\" title=\"La Comunitat vive un fin de semana de r\u00e9cord con 22.832 nuevos contagios de coronavirus notificados por Sanitat\">[+] <\/a><\/div>\n","protected":false},"author":1,"featured_media":146070,"comment_status":"open","ping_status":"open","sticky":false,"template":"","format":"standard","meta":{"footnotes":""},"categories":[119,12201,128,8,72,117,142,3,116,45],"tags":[3545,11937,11938,1973,2105],"class_list":{"0":"post-146553","1":"post","2":"type-post","3":"status-publish","4":"format-standard","5":"has-post-thumbnail","7":"category-sanidad-la-comarca","8":"category-covid-19","9":"category-infraestructuras","10":"category-la-comarca","11":"category-sin-categorizar","12":"category-medio-ambiente-la-comarca","13":"category-politica-la-comarca","14":"category-seccion","15":"category-sucesos-la-comarca","16":"category-ventana","17":"tag-comunitat-valenciana","18":"tag-coronavirus","19":"tag-covid-19","20":"tag-vacunacion","21":"tag-vacunas"},"_links":{"self":[{"href":"https:\/\/www.tucomarca.com\/wordpress\/segunda\/wp-json\/wp\/v2\/posts\/146553","targetHints":{"allow":["GET"]}}],"collection":[{"href":"https:\/\/www.tucomarca.com\/wordpress\/segunda\/wp-json\/wp\/v2\/posts"}],"about":[{"href":"https:\/\/www.tucomarca.com\/wordpress\/segunda\/wp-json\/wp\/v2\/types\/post"}],"author":[{"embeddable":true,"href":"https:\/\/www.tucomarca.com\/wordpress\/segunda\/wp-json\/wp\/v2\/users\/1"}],"replies":[{"embeddable":true,"href":"https:\/\/www.tucomarca.com\/wordpress\/segunda\/wp-json\/wp\/v2\/comments?post=146553"}],"version-history":[{"count":0,"href":"https:\/\/www.tucomarca.com\/wordpress\/segunda\/wp-json\/wp\/v2\/posts\/146553\/revisions"}],"wp:featuredmedia":[{"embeddable":true,"href":"https:\/\/www.tucomarca.com\/wordpress\/segunda\/wp-json\/wp\/v2\/media\/146070"}],"wp:attachment":[{"href":"https:\/\/www.tucomarca.com\/wordpress\/segunda\/wp-json\/wp\/v2\/media?parent=146553"}],"wp:term":[{"taxonomy":"category","embeddable":true,"href":"https:\/\/www.tucomarca.com\/wordpress\/segunda\/wp-json\/wp\/v2\/categories?post=146553"},{"taxonomy":"post_tag","embeddable":true,"href":"https:\/\/www.tucomarca.com\/wordpress\/segunda\/wp-json\/wp\/v2\/tags?post=146553"}],"curies":[{"name":"wp","href":"https:\/\/api.w.org\/{rel}","templated":true}]}}