{"id":146616,"date":"2022-01-04T11:00:00","date_gmt":"2022-01-04T10:00:00","guid":{"rendered":"http:\/\/www.tucomarca.com\/wordpress\/segunda\/?p=146616"},"modified":"2022-01-04T12:12:13","modified_gmt":"2022-01-04T11:12:13","slug":"el-tejido-asociativo-de-bunol-recibira-368-600-euros-en-subvenciones-nominativas-en-2022","status":"publish","type":"post","link":"https:\/\/www.tucomarca.com\/wordpress\/segunda\/el-tejido-asociativo-de-bunol-recibira-368-600-euros-en-subvenciones-nominativas-en-2022\/","title":{"rendered":"El tejido asociativo de Bu\u00f1ol recibir\u00e1 368.600 euros en subvenciones nominativas en 2022"},"content":{"rendered":"\n<h4 class=\"wp-block-heading\">El pasado 28 de diciembre el pleno del Ayuntamiento de Bu\u00f1ol aprob\u00f3 su presupuesto para 2022, con los votos favorables del PSOE (4), IU (3) y Podemos (1), los tres partidos que forman el gobierno municipal, m\u00e1s la abstenci\u00f3n de IAB (1).<\/h4>\n\n\n\n<p>Uno de los aspectos a destacar en los \u00faltimos a\u00f1os de los presupuestos municipales, es la importante suma que recibe el tejido asociativo de la localidad, por medio de subvenciones nominativas. Desde la concejal\u00eda de Hacienda y Contrataci\u00f3n se muestran orgullosos de que este rasgo tan propio de la localidad, no s\u00f3lo no haya desaparecido en estos a\u00f1os de la Covid-19, sino que en comparaci\u00f3n con el a\u00f1o pasado, esta partida haya ascendido, situ\u00e1ndose en los ya mencionados 368.600 euros.<\/p>\n\n\n\n<p>Desde el \u00e1rea de Hacienda destacan los 18.000 euros que percibir\u00e1 el Club Balonmano Bu\u00f1ol, contribuyendo de esta manera \u00aba consolidar la escuela de un deporte minoritario en Espa\u00f1a, pero que en nuestro pueblo tiene mucho arraigo\u00bb en palabras del edil Sierra, o los 26.000 euros que recibir\u00e1 la Asociaci\u00f3n de Empresarios y Aut\u00f3nomos, colectivo clave en la dinamizaci\u00f3n del comercio y el empleo en la localidad en los \u00faltimos a\u00f1os. Adem\u00e1s desde el Ayuntamiento tambi\u00e9n destacan los 48.000 euros que percibir\u00e1 el CD Bu\u00f1ol o los 189.800 euros que percibir\u00e1n las bandas de m\u00fasica (94.900 cada una de ellas). Desde el gobierno municipal agradecen la empat\u00eda de aquellos colectivos que reciben cantidades m\u00e1s humildes, pero la acogen con gratitud e ilusi\u00f3n, para que esa peque\u00f1a aportaci\u00f3n que se les hace desde el municipio, contribuya al crecimiento de esa asociaci\u00f3n.<\/p>\n\n\n\n<p>Por \u00faltimo desde la concejal\u00eda animan a todo el colectivo asociativo a actualizar los datos de su organizaci\u00f3n a&nbsp;<a href=\"mailto:e.moreno@aytobunyol.com\">e.moreno@aytobunyol.com<\/a>&nbsp;o a que se pongan en contacto con el Ayuntamiento por ese mismo correo, si pasado el mes de febrero, todav\u00eda no han recibido la informaci\u00f3n correspondiente con la subvenci\u00f3n que tienen que recibir, a la atenci\u00f3n del interventor Don Eduardo Moreno.<\/p>\n","protected":false},"excerpt":{"rendered":"<div class=\"mh-excerpt\">El pasado 28 de diciembre el pleno del Ayuntamiento de Bu\u00f1ol aprob\u00f3 su presupuesto para 2022, con los votos favorables del PSOE (4), IU (3) y Podemos (1), los tres partidos que forman el gobierno <a class=\"mh-excerpt-more\" href=\"https:\/\/www.tucomarca.com\/wordpress\/segunda\/el-tejido-asociativo-de-bunol-recibira-368-600-euros-en-subvenciones-nominativas-en-2022\/\" title=\"El tejido asociativo de Bu\u00f1ol recibir\u00e1 368.600 euros en subvenciones nominativas en 2022\">[+] <\/a><\/div>\n","protected":false},"author":12,"featured_media":105459,"comment_status":"open","ping_status":"open","sticky":false,"template":"","format":"standard","meta":{"footnotes":""},"categories":[18,128,8,10,142,3],"tags":[5335,5952,16075,1175,16118],"class_list":{"0":"post-146616","1":"post","2":"type-post","3":"status-publish","4":"format-standard","5":"has-post-thumbnail","7":"category-bunol","8":"category-infraestructuras","9":"category-la-comarca","10":"category-la-hoya","11":"category-politica-la-comarca","12":"category-seccion","13":"tag-ayuntamiento-de-bunol","14":"tag-la-hoya-de-bunol-chiva","15":"tag-presupuestos-2022","16":"tag-subvenciones","17":"tag-tejido-asociativo"},"_links":{"self":[{"href":"https:\/\/www.tucomarca.com\/wordpress\/segunda\/wp-json\/wp\/v2\/posts\/146616","targetHints":{"allow":["GET"]}}],"collection":[{"href":"https:\/\/www.tucomarca.com\/wordpress\/segunda\/wp-json\/wp\/v2\/posts"}],"about":[{"href":"https:\/\/www.tucomarca.com\/wordpress\/segunda\/wp-json\/wp\/v2\/types\/post"}],"author":[{"embeddable":true,"href":"https:\/\/www.tucomarca.com\/wordpress\/segunda\/wp-json\/wp\/v2\/users\/12"}],"replies":[{"embeddable":true,"href":"https:\/\/www.tucomarca.com\/wordpress\/segunda\/wp-json\/wp\/v2\/comments?post=146616"}],"version-history":[{"count":0,"href":"https:\/\/www.tucomarca.com\/wordpress\/segunda\/wp-json\/wp\/v2\/posts\/146616\/revisions"}],"wp:featuredmedia":[{"embeddable":true,"href":"https:\/\/www.tucomarca.com\/wordpress\/segunda\/wp-json\/wp\/v2\/media\/105459"}],"wp:attachment":[{"href":"https:\/\/www.tucomarca.com\/wordpress\/segunda\/wp-json\/wp\/v2\/media?parent=146616"}],"wp:term":[{"taxonomy":"category","embeddable":true,"href":"https:\/\/www.tucomarca.com\/wordpress\/segunda\/wp-json\/wp\/v2\/categories?post=146616"},{"taxonomy":"post_tag","embeddable":true,"href":"https:\/\/www.tucomarca.com\/wordpress\/segunda\/wp-json\/wp\/v2\/tags?post=146616"}],"curies":[{"name":"wp","href":"https:\/\/api.w.org\/{rel}","templated":true}]}}