{"id":146620,"date":"2022-01-04T10:55:00","date_gmt":"2022-01-04T09:55:00","guid":{"rendered":"http:\/\/www.tucomarca.com\/wordpress\/segunda\/?p=146620"},"modified":"2022-01-04T17:28:38","modified_gmt":"2022-01-04T16:28:38","slug":"opinion-a-bocajarro-por-joseh-larrazabal-4","status":"publish","type":"post","link":"https:\/\/www.tucomarca.com\/wordpress\/segunda\/opinion-a-bocajarro-por-joseh-larrazabal-4\/","title":{"rendered":"Opini\u00f3n: \u00abA bocajarro\u00bb, por J\u00f3seh Larraz\u00e1bal"},"content":{"rendered":"\n<figure class=\"wp-block-image size-large is-resized\"><img loading=\"lazy\" decoding=\"async\" src=\"https:\/\/www.tucomarca.com\/wordpress\/segunda\/wp-content\/uploads\/2021\/07\/JoseLarrazabal-1024x1024.jpg\" alt=\"\" class=\"wp-image-136627\" width=\"140\" height=\"140\" srcset=\"https:\/\/www.tucomarca.com\/wordpress\/segunda\/wp-content\/uploads\/2021\/07\/JoseLarrazabal-1024x1024.jpg 1024w, https:\/\/www.tucomarca.com\/wordpress\/segunda\/wp-content\/uploads\/2021\/07\/JoseLarrazabal-300x300.jpg 300w, https:\/\/www.tucomarca.com\/wordpress\/segunda\/wp-content\/uploads\/2021\/07\/JoseLarrazabal-290x290.jpg 290w, https:\/\/www.tucomarca.com\/wordpress\/segunda\/wp-content\/uploads\/2021\/07\/JoseLarrazabal-768x768.jpg 768w, https:\/\/www.tucomarca.com\/wordpress\/segunda\/wp-content\/uploads\/2021\/07\/JoseLarrazabal.jpg 1086w\" sizes=\"auto, (max-width: 140px) 100vw, 140px\" \/><\/figure>\n\n\n\n<p>\u00abSiempre lo he dicho, me fui al Manchester para volver el d\u00eda de ma\u00f1ana a uno de los grandes clubs de Espa\u00f1a.\u00bb<br>Al margen de la oportunidad o no de esta frase, creo que Ferr\u00e1n se la pod\u00eda haber ahorrado, quiero analizar algunos aspectos de ella. Aunque no estoy aqu\u00ed para juzgar ni a Ferr\u00e1n ni a nadie.<br>En primer lugar, la frase de Ferr\u00e1n no va dirigida a la Afici\u00f3n del Valencia cf, desorientada y poco centrada en estos tiempos que corren, creo que no va dirigida a nadie en especial salvo al Barcelona y su entorno.<br>Si alguien piensa que va dirigida al Vcf es porque, una vez m\u00e1s, se equivoca como aficionado del vcf.<br>A Ferr\u00e1n Torres, a d\u00eda de hoy, el vcf y su afici\u00f3n se la trae al pairo y si a alguien de ese club le tiene que salpicar es a Peter Lim y su entorno.<br>Ellos, y no la Afici\u00f3n del vcf fuero los que, dado el inexistente proyecto deportivo del vcf y la inexistente \u00abtentadora oferta del vcf,\u00bb le abrieron las puertas para salir sin haberle dado tiempo a triunfar del vcf.<br>Si algo tiene Ferr\u00e1n que reprochar a una parte de la manipulada afici\u00f3n del vcf es que sin an\u00e1lisis, sin objetividad, y sin educaci\u00f3n ninguna, se han dedicado, y siguen, a insultar a un jugador que se fue, por falta de motivos econ\u00f3micos y deportivos para quedarse aqu\u00ed, a uno de los mejores clubs del mundo en busca de mayores hitos deportivos.<br>Ferr\u00e1n Torres, hay que recordarlo, ha ganado en a\u00f1o y medio, 1 Premier, 1 Copa de Inglaterra ha jugado 1 final de Champions con el Manchester City y ha sido 22 veces internacional.<br>Adem\u00e1s ha ganado un mont\u00f3n de pasta, licito porque para eso es profesional del f\u00fatbol y tiene unos representantes deportivos que son quienes le marcan el camino.<br>Si Lim o Merit\u00f3n, como vds prefieran, hubiera querido que Torres se quedase en el vcf solo ten\u00eda que haberle ofrecido un contrato con la duraci\u00f3n, nivel econ\u00f3mico, y proyecto deportivo acordes con la val\u00eda del jugador.<br>Ninguna de esas premisas se cumplieron y Ferr\u00e1n se march\u00f3 al City como hubiera hecho cualquier jugador profesional de f\u00fatbol.<br>El City si quiso a Ferr\u00e1n y por eso puso todo lo que ten\u00eda que poner para cerrar su fichaje.<br>A saber: proyecto deportivo de equipo campe\u00f3n, nivel econ\u00f3mico a la altura de un jugador que con 19 a\u00f1os promet\u00eda y promete, ser uno de los mejores extremos de Europa y adem\u00e1s con versatilidad.<br>Tuvo la culpa el City de que se fuera del vcf? NO.<br>El City quer\u00eda ficharlo e hizo lo que ten\u00eda que hacer.<br>Tuvo la culpa Ferr\u00e1n? NO.<br>Ferr\u00e1n recibi\u00f3 una oferta ilusionante de uno de los mejores clubs de Europa, entrenado por uno de los mejores del Mundo, Pep Guardiola, y adem\u00e1s con un proyecto deportivo muy ambicioso que inclu\u00eda luchar por Premiers, Copas, Champions y todo lo que se ponga a tiro. Acompa\u00f1ado adem\u00e1s por una oferta econ\u00f3mica que duplicaba o triplicaba la que le ofrec\u00eda el vcf de Lim.<br>Hay que recordar que el City es el equipo que m\u00e1s ligas inglesas ha ganado en los \u00faltimos tiempos y adem\u00e1s ha estado muy presente en Champions league, llegando a disputar 2 finales, al menos 1 de ellas muy reciente, vamos, el a\u00f1o pasado.<br>Si algunos de los que insultan a Ferr\u00e1n tuvieran un poco de sensatez, sentido com\u00fan, adem\u00e1s de otras cosas, entre ellas educaci\u00f3n, ser\u00edan conscientes de que la \u00fanica \u00abrata\u00bb que existe en el vcf tiene otro nombre pero desde luego no es Ferr\u00e1n Torres.<br>Se dar\u00edan cuenta de que hacen el rid\u00edculo.<br>Se dar\u00edan cuenta de que Ferr\u00e1n se fue a buscar en el City y en la Premier lo que en Valencia no le daban, y desde luego se deber\u00edan dar cuenta de que el culpable de la salida de Ferr\u00e1n del vcf no fue el propio Ferr\u00e1n sino Peter Lim, y que contra este y no contra otros es contra qui\u00e9n hay que arremeter.<br>Ferr\u00e1n no se ha referido al vcf ni ha su afici\u00f3n con la frase con la que encabezamos esta columna. A Ferran el vcf y su entorno se la trae al pairo este vcf de Lim, y no tiene en su cabeza m\u00e1s que triunfar en el Barcelona.<br>Un Barcelona que est\u00e1 reconstruyendo un equipo que va a dar que hablar. Un Barcelona que est\u00e1 conformando con los grandes jugadores que han salido de la cantera y que ya son internacionales, junto con los ilustre veteranos y el propio Ferr\u00e1n, m\u00e1s los que tienen que llegar, un equipo de ensue\u00f1o.<br>El Bar\u00e7a ha vuelto, y trabaja para volver a estar en lo m\u00e1s alto de las competiciones, o sea para ganar t\u00edtulos.<br>No se equivoca el Barcelona con Ferran ni Ferr\u00e1n con el Barcelona.<br>Un club con gen ganador, cultura de equipo grande, y obligaci\u00f3n de salir cada a\u00f1o a pelear por todos los t\u00edtulos, \u00bfLes suena?.<br>Muchos, en vez de criticar e insultar gravemente a Ferr\u00e1n deber\u00edan, reflexionar, mirarse el ombligo y criticar e insultar ( no soy partidario de esto \u00faltimo) a quien realmente se lo merece, que no es otro que Peter Lim.<br>\u00c1nimo Ferr\u00e1n, has hecho lo que deber\u00edas hacer como profesional y como Valencianista, y digo Valencianista, no miembro de este Valencia de Lim.<br>Te felicito por el gran paso adelante que has dado en tu carrera y te deseo lo mejor.<br>Ojo que en breve llegan Gay\u00e1 y Soler\u2026<br>\u00bf Tambi\u00e9n les van a llamar \u00abratas,\u00bb payasos y traidores si se van de este Valencia de Lim sin proyecto deportivo y en d\u00f3nde, como profesionales, est\u00e1n cobrando menos de lo que podr\u00edan cobrar en la Premier, en Alemania o en uno de esos equipos verdaderamente grandes de Europa, incluida Espa\u00f1a?.<br>Lo primero para que un club crezca es tener una afici\u00f3n inteligente, ambiciosa, cr\u00edtica y exigente, as\u00ed como valiente, decidida y luchadora.<br>\u00bfLa tiene el Valencia club de F\u00fatbol?<\/p>\n\n\n\n<p>J\u00f3seh Larraz\u00e1bal.<\/p>\n","protected":false},"excerpt":{"rendered":"<div class=\"mh-excerpt\">\u00abSiempre lo he dicho, me fui al Manchester para volver el d\u00eda de ma\u00f1ana a uno de los grandes clubs de Espa\u00f1a.\u00bbAl margen de la oportunidad o no de esta frase, creo que Ferr\u00e1n se <a class=\"mh-excerpt-more\" href=\"https:\/\/www.tucomarca.com\/wordpress\/segunda\/opinion-a-bocajarro-por-joseh-larrazabal-4\/\" title=\"Opini\u00f3n: \u00abA bocajarro\u00bb, por J\u00f3seh Larraz\u00e1bal\">[+] <\/a><\/div>\n","protected":false},"author":1,"featured_media":136627,"comment_status":"open","ping_status":"open","sticky":false,"template":"","format":"standard","meta":{"footnotes":""},"categories":[18,3358,6,72,10,30,90,3],"tags":[15480,5952,1810,15379],"class_list":{"0":"post-146620","1":"post","2":"type-post","3":"status-publish","4":"format-standard","5":"has-post-thumbnail","7":"category-bunol","8":"category-canal-valencia-cf","9":"category-deportes","10":"category-sin-categorizar","11":"category-la-hoya","12":"category-opinion","13":"category-opinion-opinion","14":"category-seccion","15":"tag-joseh-larrazabal","16":"tag-la-hoya-de-bunol-chiva","17":"tag-valencia-cf","18":"tag-vcf"},"_links":{"self":[{"href":"https:\/\/www.tucomarca.com\/wordpress\/segunda\/wp-json\/wp\/v2\/posts\/146620","targetHints":{"allow":["GET"]}}],"collection":[{"href":"https:\/\/www.tucomarca.com\/wordpress\/segunda\/wp-json\/wp\/v2\/posts"}],"about":[{"href":"https:\/\/www.tucomarca.com\/wordpress\/segunda\/wp-json\/wp\/v2\/types\/post"}],"author":[{"embeddable":true,"href":"https:\/\/www.tucomarca.com\/wordpress\/segunda\/wp-json\/wp\/v2\/users\/1"}],"replies":[{"embeddable":true,"href":"https:\/\/www.tucomarca.com\/wordpress\/segunda\/wp-json\/wp\/v2\/comments?post=146620"}],"version-history":[{"count":0,"href":"https:\/\/www.tucomarca.com\/wordpress\/segunda\/wp-json\/wp\/v2\/posts\/146620\/revisions"}],"wp:featuredmedia":[{"embeddable":true,"href":"https:\/\/www.tucomarca.com\/wordpress\/segunda\/wp-json\/wp\/v2\/media\/136627"}],"wp:attachment":[{"href":"https:\/\/www.tucomarca.com\/wordpress\/segunda\/wp-json\/wp\/v2\/media?parent=146620"}],"wp:term":[{"taxonomy":"category","embeddable":true,"href":"https:\/\/www.tucomarca.com\/wordpress\/segunda\/wp-json\/wp\/v2\/categories?post=146620"},{"taxonomy":"post_tag","embeddable":true,"href":"https:\/\/www.tucomarca.com\/wordpress\/segunda\/wp-json\/wp\/v2\/tags?post=146620"}],"curies":[{"name":"wp","href":"https:\/\/api.w.org\/{rel}","templated":true}]}}