{"id":146712,"date":"2022-01-05T17:19:00","date_gmt":"2022-01-05T16:19:00","guid":{"rendered":"http:\/\/www.tucomarca.com\/wordpress\/segunda\/?p=146712"},"modified":"2022-01-09T11:33:52","modified_gmt":"2022-01-09T10:33:52","slug":"el-hospital-de-la-ribera-renueva-la-certificacion-de-su-huella-de-carbono-por-segundo-ano-consecutivo","status":"publish","type":"post","link":"https:\/\/www.tucomarca.com\/wordpress\/segunda\/el-hospital-de-la-ribera-renueva-la-certificacion-de-su-huella-de-carbono-por-segundo-ano-consecutivo\/","title":{"rendered":"El Hospital de la Ribera renueva la certificaci\u00f3n de su huella de carbono por segundo a\u00f1o consecutivo"},"content":{"rendered":"\n<h4 class=\"wp-block-heading\">El hospital ha reducido en m\u00e1s de 1.000 toneladas las emisiones de CO<sub>2 <\/sub>derivadasde su actividad&nbsp;<\/h4>\n\n\n\n<p>El Hospital Universitario de la Ribera ha renovado la certificaci\u00f3n UNE-EN-ISO 14064-1:2012 de C\u00e1lculo de Gases de Efecto Invernadero (huella de carbono) que obtuvo el a\u00f1o pasado, una de las m\u00e1s estrictas normas internacionales en medio ambiente.<\/p>\n\n\n\n<p>Esta acreditaci\u00f3n, validada por Aenor, certifica que la Ribera cumple de forma rigurosa con el c\u00e1lculo desglosado de las emisiones totales de los gases de efecto invernadero que emite; que realiza peri\u00f3dicamente auditor\u00edas internas y externas para el control de sus consumos y que cada a\u00f1o se marca objetivos de reducci\u00f3n de su huella de carbono.<\/p>\n\n\n\n<p>En este sentido, Aenor, en su informe, valida que el Hospital de la Ribera ha reducido en 1.182 toneladas sus emisiones de CO<sub>2<\/sub> a la atm\u00f3sfera en 2020 en comparaci\u00f3n a 2019, a\u00f1o base del c\u00e1lculo. Esto supone una reducci\u00f3n del 21,35% de gases emitidos.<\/p>\n\n\n\n<p>Medidas para la reducci\u00f3n de emisiones<\/p>\n\n\n\n<p>Esta reducci\u00f3n ha sido posible por diversas medidas como; la compra de electricidad a comercializadoras con un mix el\u00e9ctrico con menos impacto ambiental; la reducci\u00f3n de gases medicinales anest\u00e9sicos por la adquisici\u00f3n de respiradores m\u00e1s eficientes o la inversi\u00f3n en un equipo de producci\u00f3n frigor\u00edfica con importantes beneficios econ\u00f3micos y ambientales.<\/p>\n\n\n\n<p>Asimismo, se ha llevado a cabo en 2020, a\u00f1o de certificaci\u00f3n, una campa\u00f1a de concienciaci\u00f3n ambiental entre profesionales y usuarios bajo el lema \u201cHaz un Departamento m\u00e1s sostenible\u201dcon el objetivo de reducir el consumo de energ\u00eda, papel y agua y una mejor administraci\u00f3n de los residuos.<\/p>\n\n\n\n<p>Aenor ha destacado en su informe. \u201cla agilidad de los datos aportados por la Ribera\u201d y ha concluido que, \u201cno se han detectado no conformidades\u201d.<\/p>\n\n\n\n<p>La auditor\u00eda revela que en 2019, el Hospital de la Ribera emiti\u00f3 por su actividad en 2019 un total de 5.538 toneladas de CO<sub>2<\/sub> frente a los 4.356 en 2020, lo que supone la reducci\u00f3n del 21,35% mencionada.<\/p>\n\n\n\n<p>Estas emisiones se producen principalmente por diversas fuentes como electricidad, gas natural, combustible para grupos electr\u00f3genos y veh\u00edculos, sistema de refrigeraci\u00f3n, equipos contra incendios y gases anest\u00e9sicos y medicinales.<\/p>\n\n\n\n<p>Para la gerente, Dra. Liliana Fuster, \u201cel Departamento de Salud de la Ribera quiere tener una posici\u00f3n de liderazgo en temas ambientales\u201d. Y a\u00f1ade: \u201cQueremos ser proactivos para mitigar nuestro impacto en el cambio clim\u00e1tico y en este sentido,&nbsp; el c\u00e1lculo de la huella de carbono es una excelente herramienta para conocer, reducir y compensar nuestras emisiones de CO2 con acciones concretas\u201d.<\/p>\n","protected":false},"excerpt":{"rendered":"<div class=\"mh-excerpt\">El hospital ha reducido en m\u00e1s de 1.000 toneladas las emisiones de CO2 derivadasde su actividad&nbsp; El Hospital Universitario de la Ribera ha renovado la certificaci\u00f3n UNE-EN-ISO 14064-1:2012 de C\u00e1lculo de Gases de Efecto Invernadero <a class=\"mh-excerpt-more\" href=\"https:\/\/www.tucomarca.com\/wordpress\/segunda\/el-hospital-de-la-ribera-renueva-la-certificacion-de-su-huella-de-carbono-por-segundo-ano-consecutivo\/\" title=\"El Hospital de la Ribera renueva la certificaci\u00f3n de su huella de carbono por segundo a\u00f1o consecutivo\">[+] <\/a><\/div>\n","protected":false},"author":12,"featured_media":146716,"comment_status":"open","ping_status":"open","sticky":false,"template":"","format":"standard","meta":{"footnotes":""},"categories":[169,69,119,128,8,42,117,3],"tags":[16129,10402,12837,8694,14943],"class_list":{"0":"post-146712","1":"post","2":"type-post","3":"status-publish","4":"format-standard","5":"has-post-thumbnail","7":"category-agricultura-la-comarca","8":"category-alzira","9":"category-sanidad-la-comarca","10":"category-infraestructuras","11":"category-la-comarca","12":"category-la-ribera","13":"category-medio-ambiente-la-comarca","14":"category-seccion","15":"tag-aenor","16":"tag-alzira","17":"tag-hospital-de-alzira","18":"tag-hospital-de-la-ribera","19":"tag-huella-de-carbono"},"_links":{"self":[{"href":"https:\/\/www.tucomarca.com\/wordpress\/segunda\/wp-json\/wp\/v2\/posts\/146712","targetHints":{"allow":["GET"]}}],"collection":[{"href":"https:\/\/www.tucomarca.com\/wordpress\/segunda\/wp-json\/wp\/v2\/posts"}],"about":[{"href":"https:\/\/www.tucomarca.com\/wordpress\/segunda\/wp-json\/wp\/v2\/types\/post"}],"author":[{"embeddable":true,"href":"https:\/\/www.tucomarca.com\/wordpress\/segunda\/wp-json\/wp\/v2\/users\/12"}],"replies":[{"embeddable":true,"href":"https:\/\/www.tucomarca.com\/wordpress\/segunda\/wp-json\/wp\/v2\/comments?post=146712"}],"version-history":[{"count":0,"href":"https:\/\/www.tucomarca.com\/wordpress\/segunda\/wp-json\/wp\/v2\/posts\/146712\/revisions"}],"wp:featuredmedia":[{"embeddable":true,"href":"https:\/\/www.tucomarca.com\/wordpress\/segunda\/wp-json\/wp\/v2\/media\/146716"}],"wp:attachment":[{"href":"https:\/\/www.tucomarca.com\/wordpress\/segunda\/wp-json\/wp\/v2\/media?parent=146712"}],"wp:term":[{"taxonomy":"category","embeddable":true,"href":"https:\/\/www.tucomarca.com\/wordpress\/segunda\/wp-json\/wp\/v2\/categories?post=146712"},{"taxonomy":"post_tag","embeddable":true,"href":"https:\/\/www.tucomarca.com\/wordpress\/segunda\/wp-json\/wp\/v2\/tags?post=146712"}],"curies":[{"name":"wp","href":"https:\/\/api.w.org\/{rel}","templated":true}]}}