{"id":146808,"date":"2022-01-09T17:06:00","date_gmt":"2022-01-09T16:06:00","guid":{"rendered":"http:\/\/www.tucomarca.com\/wordpress\/segunda\/?p=146808"},"modified":"2022-01-10T15:48:24","modified_gmt":"2022-01-10T14:48:24","slug":"riba-roja-de-turia-rebaja-del-081-al-077-los-impuestos-a-los-agricultores-para-paliar-los-danos-de-la-dana-de-septiembre-pasado","status":"publish","type":"post","link":"https:\/\/www.tucomarca.com\/wordpress\/segunda\/riba-roja-de-turia-rebaja-del-081-al-077-los-impuestos-a-los-agricultores-para-paliar-los-danos-de-la-dana-de-septiembre-pasado\/","title":{"rendered":"Riba-roja de T\u00faria rebaja del 0\u201981 al 0\u201977% los impuestos a los agricultores para paliar los da\u00f1os de la DANA de septiembre pasado"},"content":{"rendered":"\n<h4 class=\"wp-block-heading\">El pleno aprueba por unanimidad una propuesta del gobierno local&nbsp;<\/h4>\n\n\n\n<p>El Ayuntamiento de Riba-roja de T\u00faria ha aprobado una reducci\u00f3n del impuesto de bienes inmuebles (IBI) r\u00fastico de hasta un 5% en total para los agricultores de la localidad al pasar de un gravamen aplicable del 0\u201981 que se ven\u00eda tipificando hasta la actualidad a los 0\u201977 que se pondr\u00e1 en marcha desde de ahora. La medida supondr\u00e1 una reducci\u00f3n estimada de unos 18.000 euros para las arcas municipales.&nbsp;<\/p>\n\n\n\n<p>La propuesta de la Delegaci\u00f3n de Hacienda de Riba-roja de T\u00faria ha contado con el respaldo un\u00e1nime de los partidos pol\u00edticos con representaci\u00f3n en el pleno municipal, es decir, el PSPV como formaci\u00f3n impulsora de la medida m\u00e1s el Partido Popular, Ciudadanos, Esquerra Unida, Comprom\u00eds, Podemos Riba-roja Puede y, por \u00faltimo, Vox. La rebaja tendr\u00e1 efectos en el recibo de la pr\u00f3xima anualidad.&nbsp;<\/p>\n\n\n\n<p>La reducci\u00f3n del citado impuesto r\u00fastico se toma para paliar los efectos adversos que la pasada Depresi\u00f3n Aislada en Niveles Altos (DANA) que ocurri\u00f3 en el pasado mes de septiembre sobre los campos y las cosechas que tienen los agricultores de Riba-roja de T\u00faria a lo largo de todo el t\u00e9rmino municipal. Con esta medida, se pretende aliviar de forma sustancial las econom\u00edas de los propietarios de los terrenos.&nbsp;<\/p>\n\n\n\n<p>De esta forma, las arcas municipales de Riba-roja de T\u00faria ver\u00e1n mermados en los citados 18.000 euros el nivel de ingresos ordinarios por el IBI r\u00fastico tras la aprobaci\u00f3n de esta reducci\u00f3n. Con estos datos, el nivel de ingresos de este impuesto municipal pasar\u00e1 de una recaudaci\u00f3n cercana a los 164.000 euros a otra de unos 146.000 euros que, no obstante, no significar\u00e1 un descenso en el nivel de los servicios p\u00fablicos.&nbsp;<\/p>\n\n\n\n<p>El descenso de este impuesto que grava las propiedades r\u00fasticas de la localidad se ha tomado previa elevaci\u00f3n de la propuesta a consulta p\u00fablica de forma que se recabara la opini\u00f3n de los sujetos implicados en el sector afectado por la misma y, adem\u00e1s, en consenso con las organizaciones agrarias m\u00e1s representativas del municipio. La reducci\u00f3n cuenta, adem\u00e1s, con el benepl\u00e1cito de los informes t\u00e9cnicos pertinentes, como el de la tesorer\u00eda municipal y el vicesecretario.&nbsp;<\/p>\n\n\n\n<p>El equipo de gobierno del PSPV de Riba-roja de T\u00faria ha destacado que la presi\u00f3n fiscal sobre los contribuyentes se ha reducido de forma notable en este periodo de tiempo en hasta un 18\u20195%, as\u00ed como con las tasas municipales aplicables existentes. En especial, esta disminuci\u00f3n del nivel impositivo se ha centrado en favorecer el tejido industrial, empresarial, emprendedores y los peque\u00f1os comercios.&nbsp;<\/p>\n\n\n\n<p>De esta forma, las disminuciones de los impuestos aplicados por el equipo de gobierno de Riba-roja de T\u00faria oscilan entre una media del 8% en el impuesto sobre el incremento de las plusval\u00edas o un 34% en el impuesto de actividades econ\u00f3micas. En el impuesto de veh\u00edculos de tracci\u00f3n mec\u00e1nica la media alcanza el 19% mientras que el impuesto de construcciones y obras se sit\u00faa en una reducci\u00f3n del 17% y otros 15% en el impuesto de bienes inmuebles.&nbsp;<\/p>\n\n\n\n<p>Precisamente, el IBI urbano ha pasado de tener un coeficiente del 0\u201962% correspondiente al a\u00f1o 2015 al actual fijado en el 0\u201947% en total. El impuesto actual contrasta con los grav\u00e1menes que se aplicaron en el periodo existente entre los a\u00f1os 2007 y 2012 cuando las viviendas habituales pasaron del 0\u20195 al 0\u2019748%, es decir, un aumento de hasta el 46% sobre el total.&nbsp;<\/p>\n\n\n\n<p>Por \u00faltimo, cabe destacar la reducci\u00f3n experimentada en el parque m\u00f3vil, en especial sobre los camiones de gran tonelaje cuyo sistema impositivo ha pasado de pagar 150 a 83\u20193 euros, es decir, un 45% sobre los veh\u00edculos con pesos de entre 1.000 y 2.999 kilos en total. Los que pesan entre 2.999 y 9.999 han pasado de pagar 210 a 118 euros en total, un 44% menos. De esta forma, el parque m\u00f3vil ha pasado de tener 1.896 veh\u00edculos a casi 3.000 de la actualidad.&nbsp;<\/p>\n\n\n\n<p>El alcalde de Riba-roja de T\u00faria, Robert Raga, ha destacado la importancia \u201cde apoyar a todos nuestros agricultores que en su d\u00eda a d\u00eda realizan una labor encomiable en el cuidado y trabajo de sus campos y propiedades y, por ello, desde el ayuntamiento aportamos nuestra parte para que puedan soportar mejor su situaci\u00f3n tras las consecuencias del pasado mes de septiembre\u201d.&nbsp;<\/p>\n","protected":false},"excerpt":{"rendered":"<div class=\"mh-excerpt\">El pleno aprueba por unanimidad una propuesta del gobierno local&nbsp; El Ayuntamiento de Riba-roja de T\u00faria ha aprobado una reducci\u00f3n del impuesto de bienes inmuebles (IBI) r\u00fastico de hasta un 5% en total para los <a class=\"mh-excerpt-more\" href=\"https:\/\/www.tucomarca.com\/wordpress\/segunda\/riba-roja-de-turia-rebaja-del-081-al-077-los-impuestos-a-los-agricultores-para-paliar-los-danos-de-la-dana-de-septiembre-pasado\/\" title=\"Riba-roja de T\u00faria rebaja del 0\u201981 al 0\u201977% los impuestos a los agricultores para paliar los da\u00f1os de la DANA de septiembre pasado\">[+] <\/a><\/div>\n","protected":false},"author":12,"featured_media":146810,"comment_status":"open","ping_status":"open","sticky":false,"template":"","format":"standard","meta":{"footnotes":""},"categories":[46,128,8,142,182,3],"tags":[10395,12831,695,15023],"class_list":{"0":"post-146808","1":"post","2":"type-post","3":"status-publish","4":"format-standard","5":"has-post-thumbnail","7":"category-camp-de-turia","8":"category-infraestructuras","9":"category-la-comarca","10":"category-politica-la-comarca","11":"category-riba-roja","12":"category-seccion","13":"tag-camp-de-turia","14":"tag-dana-2","15":"tag-ibi","16":"tag-riba-roja-de-turia"},"_links":{"self":[{"href":"https:\/\/www.tucomarca.com\/wordpress\/segunda\/wp-json\/wp\/v2\/posts\/146808","targetHints":{"allow":["GET"]}}],"collection":[{"href":"https:\/\/www.tucomarca.com\/wordpress\/segunda\/wp-json\/wp\/v2\/posts"}],"about":[{"href":"https:\/\/www.tucomarca.com\/wordpress\/segunda\/wp-json\/wp\/v2\/types\/post"}],"author":[{"embeddable":true,"href":"https:\/\/www.tucomarca.com\/wordpress\/segunda\/wp-json\/wp\/v2\/users\/12"}],"replies":[{"embeddable":true,"href":"https:\/\/www.tucomarca.com\/wordpress\/segunda\/wp-json\/wp\/v2\/comments?post=146808"}],"version-history":[{"count":0,"href":"https:\/\/www.tucomarca.com\/wordpress\/segunda\/wp-json\/wp\/v2\/posts\/146808\/revisions"}],"wp:featuredmedia":[{"embeddable":true,"href":"https:\/\/www.tucomarca.com\/wordpress\/segunda\/wp-json\/wp\/v2\/media\/146810"}],"wp:attachment":[{"href":"https:\/\/www.tucomarca.com\/wordpress\/segunda\/wp-json\/wp\/v2\/media?parent=146808"}],"wp:term":[{"taxonomy":"category","embeddable":true,"href":"https:\/\/www.tucomarca.com\/wordpress\/segunda\/wp-json\/wp\/v2\/categories?post=146808"},{"taxonomy":"post_tag","embeddable":true,"href":"https:\/\/www.tucomarca.com\/wordpress\/segunda\/wp-json\/wp\/v2\/tags?post=146808"}],"curies":[{"name":"wp","href":"https:\/\/api.w.org\/{rel}","templated":true}]}}