{"id":146840,"date":"2022-01-10T18:30:00","date_gmt":"2022-01-10T17:30:00","guid":{"rendered":"http:\/\/www.tucomarca.com\/wordpress\/segunda\/?p=146840"},"modified":"2022-01-10T20:09:02","modified_gmt":"2022-01-10T19:09:02","slug":"sanidad-notifica-29-347-nuevos-casos-de-coronavirus-22-fallecimientos-y-12-066-altas-en-la-comunitat-valenciana","status":"publish","type":"post","link":"https:\/\/www.tucomarca.com\/wordpress\/segunda\/sanidad-notifica-29-347-nuevos-casos-de-coronavirus-22-fallecimientos-y-12-066-altas-en-la-comunitat-valenciana\/","title":{"rendered":"Sanidad notifica 29.347 nuevos casos de coronavirus, 22 fallecimientos y 12.066 altas en la Comunitat Valenciana"},"content":{"rendered":"\n<p><strong>Por provincias, se han notificado 3.632 nuevos casos en Castell\u00f3n, 11.014 en Alicante y 14.701 en Valencia<\/strong><\/p>\n\n\n\n<p><strong>Los hospitales valencianos tienen 1.374 personas ingresadas, 201 de ellas en la UCI<\/strong><\/p>\n\n\n\n<p>La Conselleria de Sanidad Universal y Salud P\u00fablica ha notificado un total de 29.347 nuevos casos de coronavirus confirmados por prueba PCR o a trav\u00e9s de test de ant\u00edgenos. Con esta actualizaci\u00f3n, la cifra total de positivos se sit\u00faa en 742.333 personas.&nbsp;<\/p>\n\n\n\n<p>Los nuevos casos por provincias son 3.632 en Castell\u00f3n (84.128 en total); 11.014 en Alicante (268.146), y 14.701 en Valencia (390.058). La cifra de casos no asignados se sit\u00faa en 1, ya que se han reasignado dos casos a la provincia de Valencia.&nbsp;<\/p>\n\n\n\n<p>Por otra parte, se han registrado 12.066 altas a pacientes con coronavirus. De esta forma, el n\u00famero de personas que han superado la enfermedad desde que comenz\u00f3 la pandemia en la Comunitat Valenciana asciende a 621.316 personas. Por provincias, las altas se distribuyen as\u00ed: 69.550 en Castell\u00f3n, 223.716 en Alicante y 327.994 en Valencia. El total de altas no asignadas se mantiene en 56.<\/p>\n\n\n\n<p>Los hospitales valencianos tienen, actualmente, 1.374 personas ingresadas, 201 de ellas en la UCI: 202 en la provincia de Castell\u00f3n, 27 en UCI; 458 en la provincia de Alicante, 70 de ellas en la UCI; y 714 en la provincia de Valencia, 104 en UCI.&nbsp;<\/p>\n\n\n\n<p>Se han notificado 22 fallecimientos por coronavirus desde la \u00faltima actualizaci\u00f3n. Se trata de personas fallecidas a lo largo de la semana pasada y notificadas tras la actualizaci\u00f3n del viernes 7. El total de decesos desde el inicio de la pandemia asciende a 8.219: 928 en la provincia de Castell\u00f3n, 3.161 en la de Alicante y 4.130 en la de Valencia. Son 12 mujeres, de entre 37 y 93 a\u00f1os, y 10 hombres, de entre 50 y 83 a\u00f1os.&nbsp;<\/p>\n\n\n\n<p>De acuerdo con los datos registrados, en estos momentos hay 124.239 casos activos, lo que supone un 16,48% del total de positivos.<\/p>\n","protected":false},"excerpt":{"rendered":"<div class=\"mh-excerpt\">Por provincias, se han notificado 3.632 nuevos casos en Castell\u00f3n, 11.014 en Alicante y 14.701 en Valencia Los hospitales valencianos tienen 1.374 personas ingresadas, 201 de ellas en la UCI La Conselleria de Sanidad Universal <a class=\"mh-excerpt-more\" href=\"https:\/\/www.tucomarca.com\/wordpress\/segunda\/sanidad-notifica-29-347-nuevos-casos-de-coronavirus-22-fallecimientos-y-12-066-altas-en-la-comunitat-valenciana\/\" title=\"Sanidad notifica 29.347 nuevos casos de coronavirus, 22 fallecimientos y 12.066 altas en la Comunitat Valenciana\">[+] <\/a><\/div>\n","protected":false},"author":1,"featured_media":146073,"comment_status":"open","ping_status":"open","sticky":false,"template":"","format":"standard","meta":{"footnotes":""},"categories":[119,12201,128,8,72,117,142,3,116,45],"tags":[11937,11938,1973,2105],"class_list":{"0":"post-146840","1":"post","2":"type-post","3":"status-publish","4":"format-standard","5":"has-post-thumbnail","7":"category-sanidad-la-comarca","8":"category-covid-19","9":"category-infraestructuras","10":"category-la-comarca","11":"category-sin-categorizar","12":"category-medio-ambiente-la-comarca","13":"category-politica-la-comarca","14":"category-seccion","15":"category-sucesos-la-comarca","16":"category-ventana","17":"tag-coronavirus","18":"tag-covid-19","19":"tag-vacunacion","20":"tag-vacunas"},"_links":{"self":[{"href":"https:\/\/www.tucomarca.com\/wordpress\/segunda\/wp-json\/wp\/v2\/posts\/146840","targetHints":{"allow":["GET"]}}],"collection":[{"href":"https:\/\/www.tucomarca.com\/wordpress\/segunda\/wp-json\/wp\/v2\/posts"}],"about":[{"href":"https:\/\/www.tucomarca.com\/wordpress\/segunda\/wp-json\/wp\/v2\/types\/post"}],"author":[{"embeddable":true,"href":"https:\/\/www.tucomarca.com\/wordpress\/segunda\/wp-json\/wp\/v2\/users\/1"}],"replies":[{"embeddable":true,"href":"https:\/\/www.tucomarca.com\/wordpress\/segunda\/wp-json\/wp\/v2\/comments?post=146840"}],"version-history":[{"count":0,"href":"https:\/\/www.tucomarca.com\/wordpress\/segunda\/wp-json\/wp\/v2\/posts\/146840\/revisions"}],"wp:featuredmedia":[{"embeddable":true,"href":"https:\/\/www.tucomarca.com\/wordpress\/segunda\/wp-json\/wp\/v2\/media\/146073"}],"wp:attachment":[{"href":"https:\/\/www.tucomarca.com\/wordpress\/segunda\/wp-json\/wp\/v2\/media?parent=146840"}],"wp:term":[{"taxonomy":"category","embeddable":true,"href":"https:\/\/www.tucomarca.com\/wordpress\/segunda\/wp-json\/wp\/v2\/categories?post=146840"},{"taxonomy":"post_tag","embeddable":true,"href":"https:\/\/www.tucomarca.com\/wordpress\/segunda\/wp-json\/wp\/v2\/tags?post=146840"}],"curies":[{"name":"wp","href":"https:\/\/api.w.org\/{rel}","templated":true}]}}