{"id":147062,"date":"2022-01-13T18:00:00","date_gmt":"2022-01-13T17:00:00","guid":{"rendered":"http:\/\/www.tucomarca.com\/wordpress\/segunda\/?p=147062"},"modified":"2022-01-13T18:35:05","modified_gmt":"2022-01-13T17:35:05","slug":"sanidad-notifica-19-278-nuevos-casos-de-coronavirus-9-fallecimientos-y-14-917-altas-en-la-comunitat-valenciana","status":"publish","type":"post","link":"https:\/\/www.tucomarca.com\/wordpress\/segunda\/sanidad-notifica-19-278-nuevos-casos-de-coronavirus-9-fallecimientos-y-14-917-altas-en-la-comunitat-valenciana\/","title":{"rendered":"Sanidad notifica 19.278 nuevos casos de coronavirus, 9 fallecimientos y 14.917 altas en la Comunitat Valenciana"},"content":{"rendered":"\n<p><strong>Por provincias: 3.460 en Castell\u00f3n, 7.474 en Alicante y 8.344 en Valencia<\/strong><\/p>\n\n\n\n<p><strong>Los hospitales valencianos tienen 1.495 personas ingresadas, 196 de ellas en la UCI<\/strong><\/p>\n\n\n\n<p>La Conselleria de Sanidad Universal y Salud P\u00fablica ha notificado un total de 19.278 nuevos casos de coronavirus confirmados por prueba PCR o a trav\u00e9s de test de ant\u00edgenos. Con esta actualizaci\u00f3n, la cifra total de positivos se sit\u00faa en 794.586 personas. Los nuevos casos por provincias son 3.460 en Castell\u00f3n (93.141 en total), 7.474 en Alicante (288.517) y 8.344 en Valencia (412.926). La cifra total de casos sin asignar se mantiene en 2.&nbsp;<\/p>\n\n\n\n<p>Por otra parte, se han registrado 14.917 altas a pacientes con coronavirus. De esta forma, el n\u00famero de personas que han superado la enfermedad desde que comenz\u00f3 la pandemia en la Comunitat Valenciana asciende a 657.831 personas. Por provincias, las altas se distribuyen as\u00ed: 73.454 en Castell\u00f3n, 235.078 en Alicante y 349.243 en Valencia. El total de altas no asignadas se mantiene en 56.<\/p>\n\n\n\n<p>Los hospitales valencianos tienen, actualmente, 1.495 personas ingresadas, 196 de ellas en la UCI: 216 en la provincia de Castell\u00f3n, 22 en UCI; 538 en la provincia de Alicante, 68 de ellas en la UCI; y 741 en la provincia de Valencia, 106 en UCI.&nbsp;<\/p>\n\n\n\n<p>Se han notificado 9 fallecimientos por coronavirus desde la \u00faltima actualizaci\u00f3n. Se trata de 5 mujeres, de entre 53 y 91 a\u00f1os, y 4 hombres, de entre 74 y 84 a\u00f1os. El total de decesos desde el inicio de la pandemia asciende a 8.270: 936 en la provincia de Castell\u00f3n, 3.176 en la de Alicante y 4.158 en la de Valencia.&nbsp;<\/p>\n\n\n\n<p>De acuerdo con los datos registrados, en estos momentos hay 139.926 casos activos, lo que supone un 17,36% del total de positivos.<\/p>\n","protected":false},"excerpt":{"rendered":"<div class=\"mh-excerpt\">Por provincias: 3.460 en Castell\u00f3n, 7.474 en Alicante y 8.344 en Valencia Los hospitales valencianos tienen 1.495 personas ingresadas, 196 de ellas en la UCI La Conselleria de Sanidad Universal y Salud P\u00fablica ha notificado <a class=\"mh-excerpt-more\" href=\"https:\/\/www.tucomarca.com\/wordpress\/segunda\/sanidad-notifica-19-278-nuevos-casos-de-coronavirus-9-fallecimientos-y-14-917-altas-en-la-comunitat-valenciana\/\" title=\"Sanidad notifica 19.278 nuevos casos de coronavirus, 9 fallecimientos y 14.917 altas en la Comunitat Valenciana\">[+] <\/a><\/div>\n","protected":false},"author":1,"featured_media":136089,"comment_status":"open","ping_status":"open","sticky":false,"template":"","format":"standard","meta":{"footnotes":""},"categories":[119,12201,128,8,72,117,142,3,116,45],"tags":[11937,11938,1973,2105],"class_list":{"0":"post-147062","1":"post","2":"type-post","3":"status-publish","4":"format-standard","5":"has-post-thumbnail","7":"category-sanidad-la-comarca","8":"category-covid-19","9":"category-infraestructuras","10":"category-la-comarca","11":"category-sin-categorizar","12":"category-medio-ambiente-la-comarca","13":"category-politica-la-comarca","14":"category-seccion","15":"category-sucesos-la-comarca","16":"category-ventana","17":"tag-coronavirus","18":"tag-covid-19","19":"tag-vacunacion","20":"tag-vacunas"},"_links":{"self":[{"href":"https:\/\/www.tucomarca.com\/wordpress\/segunda\/wp-json\/wp\/v2\/posts\/147062","targetHints":{"allow":["GET"]}}],"collection":[{"href":"https:\/\/www.tucomarca.com\/wordpress\/segunda\/wp-json\/wp\/v2\/posts"}],"about":[{"href":"https:\/\/www.tucomarca.com\/wordpress\/segunda\/wp-json\/wp\/v2\/types\/post"}],"author":[{"embeddable":true,"href":"https:\/\/www.tucomarca.com\/wordpress\/segunda\/wp-json\/wp\/v2\/users\/1"}],"replies":[{"embeddable":true,"href":"https:\/\/www.tucomarca.com\/wordpress\/segunda\/wp-json\/wp\/v2\/comments?post=147062"}],"version-history":[{"count":0,"href":"https:\/\/www.tucomarca.com\/wordpress\/segunda\/wp-json\/wp\/v2\/posts\/147062\/revisions"}],"wp:featuredmedia":[{"embeddable":true,"href":"https:\/\/www.tucomarca.com\/wordpress\/segunda\/wp-json\/wp\/v2\/media\/136089"}],"wp:attachment":[{"href":"https:\/\/www.tucomarca.com\/wordpress\/segunda\/wp-json\/wp\/v2\/media?parent=147062"}],"wp:term":[{"taxonomy":"category","embeddable":true,"href":"https:\/\/www.tucomarca.com\/wordpress\/segunda\/wp-json\/wp\/v2\/categories?post=147062"},{"taxonomy":"post_tag","embeddable":true,"href":"https:\/\/www.tucomarca.com\/wordpress\/segunda\/wp-json\/wp\/v2\/tags?post=147062"}],"curies":[{"name":"wp","href":"https:\/\/api.w.org\/{rel}","templated":true}]}}