{"id":147136,"date":"2022-01-14T12:05:00","date_gmt":"2022-01-14T11:05:00","guid":{"rendered":"http:\/\/www.tucomarca.com\/wordpress\/segunda\/?p=147136"},"modified":"2022-01-14T15:21:23","modified_gmt":"2022-01-14T14:21:23","slug":"la-diputacio-de-valencia-asiste-a-fitur-2022-con-el-maximo-apoyo-a-municipios-empresas-y-profesionales-del-sector","status":"publish","type":"post","link":"https:\/\/www.tucomarca.com\/wordpress\/segunda\/la-diputacio-de-valencia-asiste-a-fitur-2022-con-el-maximo-apoyo-a-municipios-empresas-y-profesionales-del-sector\/","title":{"rendered":"La Diputaci\u00f3 de Val\u00e8ncia asiste a Fitur 2022 con el m\u00e1ximo apoyo a municipios, empresas y profesionales del sector"},"content":{"rendered":"\n<figure class=\"wp-block-image size-large\"><img loading=\"lazy\" decoding=\"async\" width=\"1000\" height=\"563\" src=\"https:\/\/www.tucomarca.com\/wordpress\/segunda\/wp-content\/uploads\/2022\/01\/Fitur2022.jpg\" alt=\"\" class=\"wp-image-147143\" srcset=\"https:\/\/www.tucomarca.com\/wordpress\/segunda\/wp-content\/uploads\/2022\/01\/Fitur2022.jpg 1000w, https:\/\/www.tucomarca.com\/wordpress\/segunda\/wp-content\/uploads\/2022\/01\/Fitur2022-300x169.jpg 300w, https:\/\/www.tucomarca.com\/wordpress\/segunda\/wp-content\/uploads\/2022\/01\/Fitur2022-768x432.jpg 768w, https:\/\/www.tucomarca.com\/wordpress\/segunda\/wp-content\/uploads\/2022\/01\/Fitur2022-678x381.jpg 678w\" sizes=\"auto, (max-width: 1000px) 100vw, 1000px\" \/><\/figure>\n\n\n\n<h4 class=\"wp-block-heading\">La corporaci\u00f3n, a trav\u00e9s de su marca Val\u00e8ncia Turisme, ofrecer\u00e1 22 presentaciones profesionales de productos y destinos tur\u00edsticos de la provincia en el certamen internacional<\/h4>\n\n\n\n<h4 class=\"wp-block-heading\">Gandia, Cullera, Oliva, Sagunto y Canet d\u2019En Berenguer tendr\u00e1n una presencia m\u00e1s destacada en el estand como localidades referentes de la provincia en el mercado emisor nacional&nbsp;<\/h4>\n\n\n\n<h4 class=\"wp-block-heading\">Tambi\u00e9n participar\u00e1 en los espacios Fitur LGTB+ y Fitur Screen<\/h4>\n\n\n\n<p>La Diputaci\u00f3 de Val\u00e8ncia y su marca Val\u00e8ncia Turisme participar\u00e1n en una nueva edici\u00f3n de la Feria Internacional de Turismo (FITUR) de Madrid, que se celebrar\u00e1 del 19 al 23 de enero, brindando el m\u00e1ximo apoyo a municipios, empresas y profesionales del sector tur\u00edstico de la provincia, y lanzando un reclamo directo a disfrutar de nuestro territorio mediante el eslogan&nbsp;<em>\u00bfVienes?<\/em>&nbsp;que protagoniza su nueva campa\u00f1a promocional.<\/p>\n\n\n\n<p>\u201cVolvemos con ganas a Fitur porque, con la pandemia que vivimos, hemos aprendido que el turismo es una de las mejores vacunas contra los efectos emocionales de esta situaci\u00f3n. Reencontrarnos con la tierra, socializar, (re)descubrirnos, integrarnos en el territorio, en definitiva, vivir la vida con intensidad, son elementos que contribuyen a la recuperaci\u00f3n emocional tan necesaria para la reactivaci\u00f3n de un sector clave en nuestra econom\u00eda\u201d, ha explicado el diputado de Turismo, Jordi Mayor.<\/p>\n\n\n\n<p>\u201cEn la provincia de Valencia podemos ofrecer todos esos elementos junto con una amplia y variada oferta de experiencias tur\u00edsticas, y queremos mostrarlo al mundo en esta cita internacional\u201d, ha destacado.<\/p>\n\n\n\n<p>El diputado ha agregado que \u201cdurante las dos \u00faltimas temporadas tur\u00edsticas altas, Valencia ha sabido combatir con efectividad los desastrosos efectos econ\u00f3micos que el turismo ha sufrido. En muchos destinos ya empezamos a retomar los niveles de visitantes prepandemia, y debemos aprovechar eventos tan relevantes como Fitur para mejorar nuestra promoci\u00f3n, saber atraer la atenci\u00f3n del turista y preparar el futuro de uno de los puntales de nuestra econom\u00eda\u201d.<\/p>\n\n\n\n<p><strong>Una provincia en 205 metros cuadrados<\/strong><\/p>\n\n\n\n<p>Val\u00e8ncia Turisme estar\u00e1 presente en el certamen tur\u00edstico internacional, que se celebrar\u00e1 en el Parque Ferial Juan Carlos I de Madrid, con un estand de 205 metros cuadrados en el Pabell\u00f3n 7 de la feria. En el mismo tendr\u00e1n una presencia destacada los municipios de Gandia, Cullera, Oliva, Sagunto y Canet d\u2019En Berenguer, al ser los municipios de la provincia de mayor referencia en el mercado emisor nacional por su capacidad de alojamiento y oferta tur\u00edstica.<\/p>\n\n\n\n<p>La corporaci\u00f3n participar\u00e1 tambi\u00e9n en los espacios Fitur LGTB+ y en Fitur Screen, este \u00faltimo dedicado a la promoci\u00f3n del territorio como escenario de posibles rodajes entre los agentes de la industria cinematogr\u00e1fica y un p\u00fablico m\u00e1s segmentado, a trav\u00e9s de Film Val\u00e8ncia.<\/p>\n\n\n\n<p>Adem\u00e1s, las localidades de Requena, Utiel, Riba-roja de T\u00faria, la Vall d\u2019Albaida, Sueca, Xeraco, Alboraya y Tavernes de la Valldigna dispondr\u00e1n de espacio en el estand de Val\u00e8ncia Turisme para celebrar reuniones profesionales, mientras que Algemes\u00ed, Paterna y Tierra Bobal contar\u00e1n con un \u00e1rea promocional dirigida al p\u00fablico general durante el fin de semana.<\/p>\n\n\n\n<p>Por otra parte, en esta edici\u00f3n y de manera extraordinaria, se ha habilitado en la zona central del estand un espacio expositivo para las dos ciudades de la provincia calificadas como creativas por la UNESCO, Ll\u00edria (m\u00fasica) y Manises (artesan\u00eda y artes populares).&nbsp;<\/p>\n\n\n\n<p>X\u00e0tiva, Ontinyent, la Canal de Navarr\u00e9s, Cheste, el Carraixet, Catadau, Alzira, el Perell\u00f3 y Alfafar participar\u00e1n en la feria mediante la realizaci\u00f3n de alguna actividad como presentaciones, demostraciones gastron\u00f3micas o catas.<\/p>\n\n\n\n<p>Asimismo, el estand de la Diputaci\u00f3 de Val\u00e8ncia dispondr\u00e1 de un mostrador y una pantalla t\u00e1ctil con informaci\u00f3n general de la provincia, y tres mostradores espec\u00edficos de turismo gastron\u00f3mico, cultural y de naturaleza.<\/p>\n\n\n\n<p>La distribuci\u00f3n de toda la zona expositiva provincial estar\u00e1 marcada por las restricciones y medidas de seguridad que requiere la actual situaci\u00f3n sanitaria, con se\u00f1alizaci\u00f3n de accesos y salidas, y movilidad limitada.<\/p>\n\n\n\n<p><strong>Presentaciones de productos y destinos<\/strong><\/p>\n\n\n\n<p>Val\u00e8ncia Turisme ha organizado un total de 22 presentaciones profesionales en Fitur 2022. Todas ellas tendr\u00e1n lugar en las salas de prensa y en la plaza central del estand de la Comunitat Valenciana entre los d\u00edas 19 y 21 de enero, en los que los diferentes destinos dar\u00e1n a conocer sus propuestas tur\u00edsticas relacionadas con zonas naturales y rutas, actividades locales y culturales, la gastronom\u00eda local o proyectos tur\u00edsticos futuros, entre otros.<\/p>\n\n\n\n<p>Con estas presentaciones se busca dinamizar, promocionar y dar a conocer la oferta tur\u00edstica de la provincia, en colaboraci\u00f3n con los municipios.<\/p>\n\n\n\n<p>Durante la semana de celebraci\u00f3n de Fitur tambi\u00e9n se realizar\u00e1n una gran variedad de demostraciones gastron\u00f3micas o&nbsp;<em>showcookings<\/em>, donde las localidades podr\u00e1n acercar su riqueza culinaria y lo m\u00e1s destacado de su gastronom\u00eda local al p\u00fablico asistente.<\/p>\n\n\n\n<p>Adem\u00e1s, Val\u00e8ncia Turisme colabora con empresas especializadas en la creaci\u00f3n y comercializaci\u00f3n de productos tur\u00edsticos en el estand de la Comunidad Valenciana, con el objetivo de apoyar a los empresarios del sector en la provincia.<\/p>\n\n\n\n<p><strong>Novedades editoriales en Fitur<\/strong><\/p>\n\n\n\n<p>Val\u00e8ncia Turisme llevar\u00e1 a Fitur tambi\u00e9n este a\u00f1o el&nbsp;<em>Cat\u00e1logo de productos tur\u00edsticos 2022<\/em>, que cuenta con cerca de 100 propuestas dirigidas a distintos segmentos tur\u00edsticos como el turismo cultural, gastron\u00f3mico y activo.<\/p>\n\n\n\n<p>Por otra parte, en la feria se presentar\u00e1 la gu\u00eda&nbsp;<em>Cicloturismo en Val\u00e8ncia<\/em>, elaborada por Jos\u00e9 Manuel Almerich para Val\u00e8ncia Turisme. Se trata de una completa publicaci\u00f3n de m\u00e1s de 200 p\u00e1ginas con los principales itinerarios para hacer turismo en bicicleta, con recomendaciones y sugerencias para los usuarios.<\/p>\n\n\n\n<p>Adem\u00e1s, se han reeditado los cat\u00e1logos de Film Val\u00e8ncia para promover los rodajes audiovisuales en la provincia, y de Turismo LGBT+ en territorio valenciano.<\/p>\n\n\n\n<p><strong>Presentaci\u00f3n de los proyectos de Val\u00e8ncia Turisme para 2022<\/strong><\/p>\n\n\n\n<p>La Diputaci\u00f3 de Val\u00e8ncia presentar\u00e1 el contenido de sus nuevos proyectos tur\u00edsticos para 2022 el mi\u00e9rcoles 19 de enero, a las 17 horas, en la plaza central del estand de la Comunitat Valenciana.<\/p>\n","protected":false},"excerpt":{"rendered":"<div class=\"mh-excerpt\">La corporaci\u00f3n, a trav\u00e9s de su marca Val\u00e8ncia Turisme, ofrecer\u00e1 22 presentaciones profesionales de productos y destinos tur\u00edsticos de la provincia en el certamen internacional Gandia, Cullera, Oliva, Sagunto y Canet d\u2019En Berenguer tendr\u00e1n una <a class=\"mh-excerpt-more\" href=\"https:\/\/www.tucomarca.com\/wordpress\/segunda\/la-diputacio-de-valencia-asiste-a-fitur-2022-con-el-maximo-apoyo-a-municipios-empresas-y-profesionales-del-sector\/\" title=\"La Diputaci\u00f3 de Val\u00e8ncia asiste a Fitur 2022 con el m\u00e1ximo apoyo a municipios, empresas y profesionales del sector\">[+] <\/a><\/div>\n","protected":false},"author":1,"featured_media":132924,"comment_status":"open","ping_status":"open","sticky":false,"template":"","format":"standard","meta":{"footnotes":""},"categories":[4,69,46,155,17,128,70,8,72,10,42,47,7,142,28,27,182,3,29,45],"tags":[16179,3677,653,16174,9841],"class_list":{"0":"post-147136","1":"post","2":"type-post","3":"status-publish","4":"format-standard","5":"has-post-thumbnail","7":"category-agenda","8":"category-alzira","9":"category-camp-de-turia","10":"category-catadau","11":"category-cheste","12":"category-infraestructuras","13":"category-la-canal-de-navarres","14":"category-la-comarca","15":"category-sin-categorizar","16":"category-la-hoya","17":"category-la-ribera","18":"category-lliria","19":"category-ocio-y-cultura","20":"category-politica-la-comarca","21":"category-requena","22":"category-requena-utiel","23":"category-riba-roja","24":"category-seccion","25":"category-utiel","26":"category-ventana","27":"tag-16179","28":"tag-diputacio-de-valencia","29":"tag-fitur","30":"tag-fitur-2022","31":"tag-valencia-turisme"},"_links":{"self":[{"href":"https:\/\/www.tucomarca.com\/wordpress\/segunda\/wp-json\/wp\/v2\/posts\/147136","targetHints":{"allow":["GET"]}}],"collection":[{"href":"https:\/\/www.tucomarca.com\/wordpress\/segunda\/wp-json\/wp\/v2\/posts"}],"about":[{"href":"https:\/\/www.tucomarca.com\/wordpress\/segunda\/wp-json\/wp\/v2\/types\/post"}],"author":[{"embeddable":true,"href":"https:\/\/www.tucomarca.com\/wordpress\/segunda\/wp-json\/wp\/v2\/users\/1"}],"replies":[{"embeddable":true,"href":"https:\/\/www.tucomarca.com\/wordpress\/segunda\/wp-json\/wp\/v2\/comments?post=147136"}],"version-history":[{"count":0,"href":"https:\/\/www.tucomarca.com\/wordpress\/segunda\/wp-json\/wp\/v2\/posts\/147136\/revisions"}],"wp:featuredmedia":[{"embeddable":true,"href":"https:\/\/www.tucomarca.com\/wordpress\/segunda\/wp-json\/wp\/v2\/media\/132924"}],"wp:attachment":[{"href":"https:\/\/www.tucomarca.com\/wordpress\/segunda\/wp-json\/wp\/v2\/media?parent=147136"}],"wp:term":[{"taxonomy":"category","embeddable":true,"href":"https:\/\/www.tucomarca.com\/wordpress\/segunda\/wp-json\/wp\/v2\/categories?post=147136"},{"taxonomy":"post_tag","embeddable":true,"href":"https:\/\/www.tucomarca.com\/wordpress\/segunda\/wp-json\/wp\/v2\/tags?post=147136"}],"curies":[{"name":"wp","href":"https:\/\/api.w.org\/{rel}","templated":true}]}}