{"id":147783,"date":"2022-01-24T20:00:00","date_gmt":"2022-01-24T19:00:00","guid":{"rendered":"http:\/\/www.tucomarca.com\/wordpress\/segunda\/?p=147783"},"modified":"2022-01-24T20:37:16","modified_gmt":"2022-01-24T19:37:16","slug":"el-pp-propone-crear-puntos-de-recarga-publicos-para-patinetes-electricos-en-leliana","status":"publish","type":"post","link":"https:\/\/www.tucomarca.com\/wordpress\/segunda\/el-pp-propone-crear-puntos-de-recarga-publicos-para-patinetes-electricos-en-leliana\/","title":{"rendered":"El PP propone crear puntos de recarga p\u00fablicos para patinetes el\u00e9ctricos en l&#8217;Eliana"},"content":{"rendered":"\n<h4 class=\"wp-block-heading\"><strong>Solicitan mobiliario urbano con cargadores para m\u00f3viles y tablets<\/strong><\/h4>\n\n\n\n<h4 class=\"wp-block-heading\"><strong>Mar\u00eda Jos\u00e9 Marco apuesta por las nuevas tecnolog\u00edas y la juventud<\/strong><\/h4>\n\n\n\n<p>El Partido Popular de l&#8217;Eliana por medio de su portavoz en el Ayuntamiento, Mar\u00eda Jos\u00e9 Marco, ha propuesto la creaci\u00f3n de puntos de recarga tanto de patinetes como bicicletas el\u00e9ctricas en los lugares de m\u00e1s afluencia de personas en el municipio de l&#8217;Eliana.<br>La moci\u00f3n se debatir\u00e1 en el pr\u00f3ximo pleno del consistorio y los populares esperan el apoyo de todas las fuerzas pol\u00edticas,&nbsp;\u00abnuestros vecinos y en especial los j\u00f3venes necesitan estos puntos para poder recargar sus patinetes mientras estudian en la biblioteca o disfrutan de tiempo libre en el parque. Es importante que apostemos por nuestra juventud y en los valores que favorezcan un mundo m\u00e1s sostenible\u00bb, asegura Mar\u00eda Jos\u00e9 Marco.<br>La propuesta incluye la compra de mobiliario urbano con puntos de recarga para m\u00f3viles y tablets que se situar\u00edan, seg\u00fan el PP, en los parques y lugares p\u00fablicos de todo el pueblo, as\u00ed como en los edificios municipales.<\/p>\n","protected":false},"excerpt":{"rendered":"<div class=\"mh-excerpt\">Solicitan mobiliario urbano con cargadores para m\u00f3viles y tablets Mar\u00eda Jos\u00e9 Marco apuesta por las nuevas tecnolog\u00edas y la juventud El Partido Popular de l&#8217;Eliana por medio de su portavoz en el Ayuntamiento, Mar\u00eda Jos\u00e9 <a class=\"mh-excerpt-more\" href=\"https:\/\/www.tucomarca.com\/wordpress\/segunda\/el-pp-propone-crear-puntos-de-recarga-publicos-para-patinetes-electricos-en-leliana\/\" title=\"El PP propone crear puntos de recarga p\u00fablicos para patinetes el\u00e9ctricos en l&#8217;Eliana\">[+] <\/a><\/div>\n","protected":false},"author":1,"featured_media":147786,"comment_status":"open","ping_status":"open","sticky":false,"template":"","format":"standard","meta":{"footnotes":""},"categories":[46,128,177,8,142,3],"tags":[10395,10433,11581],"class_list":{"0":"post-147783","1":"post","2":"type-post","3":"status-publish","4":"format-standard","5":"has-post-thumbnail","7":"category-camp-de-turia","8":"category-infraestructuras","9":"category-leliana","10":"category-la-comarca","11":"category-politica-la-comarca","12":"category-seccion","13":"tag-camp-de-turia","14":"tag-leliana","15":"tag-pp-de-leliana"},"_links":{"self":[{"href":"https:\/\/www.tucomarca.com\/wordpress\/segunda\/wp-json\/wp\/v2\/posts\/147783","targetHints":{"allow":["GET"]}}],"collection":[{"href":"https:\/\/www.tucomarca.com\/wordpress\/segunda\/wp-json\/wp\/v2\/posts"}],"about":[{"href":"https:\/\/www.tucomarca.com\/wordpress\/segunda\/wp-json\/wp\/v2\/types\/post"}],"author":[{"embeddable":true,"href":"https:\/\/www.tucomarca.com\/wordpress\/segunda\/wp-json\/wp\/v2\/users\/1"}],"replies":[{"embeddable":true,"href":"https:\/\/www.tucomarca.com\/wordpress\/segunda\/wp-json\/wp\/v2\/comments?post=147783"}],"version-history":[{"count":0,"href":"https:\/\/www.tucomarca.com\/wordpress\/segunda\/wp-json\/wp\/v2\/posts\/147783\/revisions"}],"wp:featuredmedia":[{"embeddable":true,"href":"https:\/\/www.tucomarca.com\/wordpress\/segunda\/wp-json\/wp\/v2\/media\/147786"}],"wp:attachment":[{"href":"https:\/\/www.tucomarca.com\/wordpress\/segunda\/wp-json\/wp\/v2\/media?parent=147783"}],"wp:term":[{"taxonomy":"category","embeddable":true,"href":"https:\/\/www.tucomarca.com\/wordpress\/segunda\/wp-json\/wp\/v2\/categories?post=147783"},{"taxonomy":"post_tag","embeddable":true,"href":"https:\/\/www.tucomarca.com\/wordpress\/segunda\/wp-json\/wp\/v2\/tags?post=147783"}],"curies":[{"name":"wp","href":"https:\/\/api.w.org\/{rel}","templated":true}]}}