{"id":147946,"date":"2022-01-26T09:30:00","date_gmt":"2022-01-26T08:30:00","guid":{"rendered":"http:\/\/www.tucomarca.com\/wordpress\/segunda\/?p=147946"},"modified":"2022-01-26T18:59:00","modified_gmt":"2022-01-26T17:59:00","slug":"la-guardia-civil-detiene-a-una-persona-por-intento-de-homicidio-en-canals","status":"publish","type":"post","link":"https:\/\/www.tucomarca.com\/wordpress\/segunda\/la-guardia-civil-detiene-a-una-persona-por-intento-de-homicidio-en-canals\/","title":{"rendered":"La Guardia Civil detiene a una persona por intento de homicidio en Canals"},"content":{"rendered":"\n<h4 class=\"wp-block-heading\">La v\u00edctima se encontraba en la v\u00eda p\u00fablica con la cabeza, totalmente, precintada con cinta de celof\u00e1n desde la frente hasta la barbilla y sin poder respirar<\/h4>\n\n\n\n<h4 class=\"wp-block-heading\">Los agentes lograron descubrir que el autor accedi\u00f3 a la vivienda de la v\u00edctima, que viv\u00eda sola, ubicada en Canals, y la esper\u00f3, pacientemente, hasta que lleg\u00f3 a su casa<\/h4>\n\n\n\n<h4 class=\"wp-block-heading\">Los facultativos m\u00e9dicos pudieron confirmar que la v\u00edctima hab\u00eda sufrido un infarto de miocardio como consecuencia de la situaci\u00f3n que hab\u00eda vivido<\/h4>\n\n\n\n<p>La Guardia Civil de Canals, en el marco de la operaci\u00f3n \u201cDASER\u201d, ha detenido a un hombre de 39 a\u00f1os, de nacionalidad espa\u00f1ola, por un delito de tentativa de homicidio, detenci\u00f3n ilegal, robo con violencia e intimidaci\u00f3n y allanamiento de morada en el municipio de Canals.<\/p>\n\n\n\n<p>La operaci\u00f3n comenz\u00f3 el pasado a\u00f1o, cuando la Polic\u00eda Local de Canals inform\u00f3 a la Guardia Civil de que hab\u00eda sido requerida, por unos vecinos de la localidad, porque hab\u00eda un hombre de avanzada edad, que se encontraba en la v\u00eda p\u00fablica, maniatado y amordazado. La v\u00edctima, de 88 a\u00f1os, ten\u00eda la cabeza, totalmente, precintada con cinta de celof\u00e1n desde la frente hasta la barbilla. Le hab\u00edan introducido un pa\u00f1uelo en la boca y no pod\u00eda respirar. Los signos de ahogamiento eran m\u00e1s que evidentes.\u00a0<\/p>\n\n\n\n<p>Entre varios agentes de la Guardia Civil de Canals y de la Polic\u00eda Local del mismo municipio, liberaron a la v\u00edctima. Fue atendido por los servicios m\u00e9dicos y, posteriormente, trasladado a un hospital. Los facultativos m\u00e9dicos pudieron confirmar que, este hombre, hab\u00eda sufrido un infarto de miocardio como consecuencia de la situaci\u00f3n que hab\u00eda vivido.<\/p>\n\n\n\n<p>A lo largo de esta investigaci\u00f3n, los agentes lograron descubrir que el autor accedi\u00f3 a la vivienda de la v\u00edctima, que viv\u00eda sola, ubicada en Canals, y la esper\u00f3, pacientemente, hasta que lleg\u00f3 a su casa. Despu\u00e9s, la redujo, at\u00f3, le rob\u00f3 su tarjeta de cr\u00e9dito y le oblig\u00f3 a que le facilitara el n\u00famero de identificaci\u00f3n personal. A continuaci\u00f3n, amordaz\u00f3 a la v\u00edctima y huy\u00f3 de la casa. La persona mayor, al l\u00edmite de sus fuerzas, consigui\u00f3 salir de su domicilio y los vecinos llamaron a la Polic\u00eda Local de la localidad.\u00a0<\/p>\n\n\n\n<p>Finalmente, el 10 de enero, agentes de la Guardia Civil de Canals procedieron a la detenci\u00f3n de un hombre de 39 a\u00f1os, de nacionalidad espa\u00f1ola, por un delito de tentativa de homicidio, detenci\u00f3n ilegal, robo con violencia e intimidaci\u00f3n y allanamiento de morada en el municipio de Canals.<\/p>\n\n\n\n<p>Las diligencias han sido entregadas en el Juzgado de Primera Instancia e Instrucci\u00f3n N\u00famero 3 de J\u00e1tiva y se ha decretado el ingreso en prisi\u00f3n del detenido.<\/p>\n","protected":false},"excerpt":{"rendered":"<div class=\"mh-excerpt\">La v\u00edctima se encontraba en la v\u00eda p\u00fablica con la cabeza, totalmente, precintada con cinta de celof\u00e1n desde la frente hasta la barbilla y sin poder respirar Los agentes lograron descubrir que el autor accedi\u00f3 <a class=\"mh-excerpt-more\" href=\"https:\/\/www.tucomarca.com\/wordpress\/segunda\/la-guardia-civil-detiene-a-una-persona-por-intento-de-homicidio-en-canals\/\" title=\"La Guardia Civil detiene a una persona por intento de homicidio en Canals\">[+] <\/a><\/div>\n","protected":false},"author":12,"featured_media":147952,"comment_status":"open","ping_status":"open","sticky":false,"template":"","format":"standard","meta":{"footnotes":""},"categories":[249,70,8,72,3,116,45],"tags":[10458,1098,1452,33],"class_list":{"0":"post-147946","1":"post","2":"type-post","3":"status-publish","4":"format-standard","5":"has-post-thumbnail","7":"category-canals","8":"category-la-canal-de-navarres","9":"category-la-comarca","10":"category-sin-categorizar","11":"category-seccion","12":"category-sucesos-la-comarca","13":"category-ventana","14":"tag-canals","15":"tag-guardia-civil","16":"tag-la-canal-de-navarres-2","17":"tag-sucesos"},"_links":{"self":[{"href":"https:\/\/www.tucomarca.com\/wordpress\/segunda\/wp-json\/wp\/v2\/posts\/147946","targetHints":{"allow":["GET"]}}],"collection":[{"href":"https:\/\/www.tucomarca.com\/wordpress\/segunda\/wp-json\/wp\/v2\/posts"}],"about":[{"href":"https:\/\/www.tucomarca.com\/wordpress\/segunda\/wp-json\/wp\/v2\/types\/post"}],"author":[{"embeddable":true,"href":"https:\/\/www.tucomarca.com\/wordpress\/segunda\/wp-json\/wp\/v2\/users\/12"}],"replies":[{"embeddable":true,"href":"https:\/\/www.tucomarca.com\/wordpress\/segunda\/wp-json\/wp\/v2\/comments?post=147946"}],"version-history":[{"count":0,"href":"https:\/\/www.tucomarca.com\/wordpress\/segunda\/wp-json\/wp\/v2\/posts\/147946\/revisions"}],"wp:featuredmedia":[{"embeddable":true,"href":"https:\/\/www.tucomarca.com\/wordpress\/segunda\/wp-json\/wp\/v2\/media\/147952"}],"wp:attachment":[{"href":"https:\/\/www.tucomarca.com\/wordpress\/segunda\/wp-json\/wp\/v2\/media?parent=147946"}],"wp:term":[{"taxonomy":"category","embeddable":true,"href":"https:\/\/www.tucomarca.com\/wordpress\/segunda\/wp-json\/wp\/v2\/categories?post=147946"},{"taxonomy":"post_tag","embeddable":true,"href":"https:\/\/www.tucomarca.com\/wordpress\/segunda\/wp-json\/wp\/v2\/tags?post=147946"}],"curies":[{"name":"wp","href":"https:\/\/api.w.org\/{rel}","templated":true}]}}