{"id":14827,"date":"2013-05-31T09:15:22","date_gmt":"2013-05-31T08:15:22","guid":{"rendered":"http:\/\/www.tucomarca.com\/wordpress\/segunda\/?p=14827"},"modified":"2013-05-31T09:15:24","modified_gmt":"2013-05-31T08:15:24","slug":"venta-del-moro-creara-su-propia-imagen-turistica","status":"publish","type":"post","link":"https:\/\/www.tucomarca.com\/wordpress\/segunda\/venta-del-moro-creara-su-propia-imagen-turistica\/","title":{"rendered":"Venta del Moro crear\u00e1 su propia imagen tur\u00edstica"},"content":{"rendered":"<p><figure id=\"attachment_14828\" aria-describedby=\"caption-attachment-14828\" style=\"width: 300px\" class=\"wp-caption alignleft\"><a href=\"https:\/\/www.tucomarca.com\/wordpress\/segunda\/?attachment_id=14828\" rel=\"attachment wp-att-14828\"><img loading=\"lazy\" decoding=\"async\" src=\"https:\/\/www.tucomarca.com\/wordpress\/segunda\/wp-content\/uploads\/2013\/05\/convenio2-300x194.jpg\" alt=\"\" title=\"convenio\" width=\"300\" height=\"194\" class=\"size-medium wp-image-14828\" srcset=\"https:\/\/www.tucomarca.com\/wordpress\/segunda\/wp-content\/uploads\/2013\/05\/convenio2-300x194.jpg 300w, https:\/\/www.tucomarca.com\/wordpress\/segunda\/wp-content\/uploads\/2013\/05\/convenio2-1024x665.jpg 1024w\" sizes=\"auto, (max-width: 300px) 100vw, 300px\" \/><\/a><figcaption id=\"caption-attachment-14828\" class=\"wp-caption-text\">Firma del convenio. tc.c<\/figcaption><\/figure>El diputado de Turismo, Ernesto Sanju\u00e1n, y el alcalde de Venta del Moro, Lu\u00eds Francisco L\u00f3pez, han firmado esta ma\u00f1ana un convenio para la promoci\u00f3n tur\u00edstica de Venta del Moro.<\/p>\n<p>El Patronato Provincial de Turismo Val\u00e8ncia, Terra i Mar dar\u00e1 un nuevo impulso al sector tur\u00edstico del municipio de Venta del Moro y colaborar\u00e1 en la creaci\u00f3n de la marca tur\u00edstica del municipio.<\/p>\n<p>Adem\u00e1s, el ayuntamiento de Venta del Moro, gracias a la ayuda del Patronato, instalar\u00e1 un panel informativo a la entrada del municipio con un plano de situaci\u00f3n para se\u00f1alar sus principales recursos tur\u00edsticos.<\/p>\n<p>Ernesto Sanju\u00e1n ha destacado que \u201cdesde el Patronato Provincial de Turismo apoyamos a este municipio que ha decidido crear una marca tur\u00edstica para potenciar y consolidar la localidad de Venta del Moro como un referente del turismo activo de la provincia de Valencia\u201d.<\/p>\n<p>El alcalde de Venta del Moro, Luis Francisco L\u00f3pez, ha agradecido al diputado de Turismo el apoyo institucional y econ\u00f3mico de la diputaci\u00f3n de Valencia \u201cpara crear la marca tur\u00edstica de Venta del Moro para darnos a conocer no s\u00f3lo por nuestros valores sino tambi\u00e9n porque nos asocien a una imagen y a un nombre\u201d.<\/p>\n","protected":false},"excerpt":{"rendered":"<div class=\"mh-excerpt\">El diputado de Turismo, Ernesto Sanju\u00e1n, y el alcalde de Venta del Moro, Lu\u00eds Francisco L\u00f3pez, han firmado esta ma\u00f1ana un convenio para la promoci\u00f3n tur\u00edstica de Venta del Moro. El Patronato Provincial de Turismo <a class=\"mh-excerpt-more\" href=\"https:\/\/www.tucomarca.com\/wordpress\/segunda\/venta-del-moro-creara-su-propia-imagen-turistica\/\" title=\"Venta del Moro crear\u00e1 su propia imagen tur\u00edstica\">[+] <\/a><\/div>\n","protected":false},"author":2,"featured_media":14828,"comment_status":"open","ping_status":"open","sticky":false,"template":"","format":"standard","meta":{"footnotes":""},"categories":[8,27,3,234,45],"tags":[209,1059,10454],"class_list":{"0":"post-14827","1":"post","2":"type-post","3":"status-publish","4":"format-standard","5":"has-post-thumbnail","7":"category-la-comarca","8":"category-requena-utiel","9":"category-seccion","10":"category-venta-del-moro","11":"category-ventana","12":"tag-promocion","13":"tag-turistica","14":"tag-venta-del-moro"},"_links":{"self":[{"href":"https:\/\/www.tucomarca.com\/wordpress\/segunda\/wp-json\/wp\/v2\/posts\/14827","targetHints":{"allow":["GET"]}}],"collection":[{"href":"https:\/\/www.tucomarca.com\/wordpress\/segunda\/wp-json\/wp\/v2\/posts"}],"about":[{"href":"https:\/\/www.tucomarca.com\/wordpress\/segunda\/wp-json\/wp\/v2\/types\/post"}],"author":[{"embeddable":true,"href":"https:\/\/www.tucomarca.com\/wordpress\/segunda\/wp-json\/wp\/v2\/users\/2"}],"replies":[{"embeddable":true,"href":"https:\/\/www.tucomarca.com\/wordpress\/segunda\/wp-json\/wp\/v2\/comments?post=14827"}],"version-history":[{"count":0,"href":"https:\/\/www.tucomarca.com\/wordpress\/segunda\/wp-json\/wp\/v2\/posts\/14827\/revisions"}],"wp:featuredmedia":[{"embeddable":true,"href":"https:\/\/www.tucomarca.com\/wordpress\/segunda\/wp-json\/wp\/v2\/media\/14828"}],"wp:attachment":[{"href":"https:\/\/www.tucomarca.com\/wordpress\/segunda\/wp-json\/wp\/v2\/media?parent=14827"}],"wp:term":[{"taxonomy":"category","embeddable":true,"href":"https:\/\/www.tucomarca.com\/wordpress\/segunda\/wp-json\/wp\/v2\/categories?post=14827"},{"taxonomy":"post_tag","embeddable":true,"href":"https:\/\/www.tucomarca.com\/wordpress\/segunda\/wp-json\/wp\/v2\/tags?post=14827"}],"curies":[{"name":"wp","href":"https:\/\/api.w.org\/{rel}","templated":true}]}}