{"id":148296,"date":"2022-02-01T19:00:00","date_gmt":"2022-02-01T18:00:00","guid":{"rendered":"http:\/\/www.tucomarca.com\/wordpress\/segunda\/?p=148296"},"modified":"2022-02-01T19:16:28","modified_gmt":"2022-02-01T18:16:28","slug":"por-segundo-dia-consecutivo-el-numero-de-altas-supera-al-de-los-nuevos-casos-de-covid-en-la-comunitat","status":"publish","type":"post","link":"https:\/\/www.tucomarca.com\/wordpress\/segunda\/por-segundo-dia-consecutivo-el-numero-de-altas-supera-al-de-los-nuevos-casos-de-covid-en-la-comunitat\/","title":{"rendered":"Por segundo d\u00eda consecutivo, el n\u00famero de altas supera al de los nuevos casos de covid en la Comunitat"},"content":{"rendered":"\n<p><strong>Sanidad notifica 13.626 nuevos casos de coronavirus y 24.133 altas en la Comunitat Valenciana<\/strong><\/p>\n\n\n\n<p><strong>Por provincias se han registrado 1.544 en Castell\u00f3n, 5.017 en Alicante y 7.064 en Valencia<\/strong><\/p>\n\n\n\n<p><strong>Los hospitales valencianos tienen 1.811 personas ingresadas, 182 de ellas en la UCI<\/strong><\/p>\n\n\n\n<p>La Conselleria de Sanidad Universal y Salud P\u00fablica ha notificado un total de 13.626 nuevos casos de coronavirus confirmados por prueba PCR o a trav\u00e9s de test de ant\u00edgenos desde el viernes pasado. Con esta actualizaci\u00f3n, la cifra total de positivos se sit\u00faa en 1.133.061 personas. Los nuevos casos por provincias son 1.544 en Castell\u00f3n (141.099 en total), 5.017 en Alicante (403.337) y 7.064 en Valencia (588.621) y 1 sin asignar, por lo que la cifra total de casos no asignados asciende a 4.&nbsp;<\/p>\n\n\n\n<p>El n\u00famero de altas supera por segundo d\u00eda consecutivo al n\u00famero de nuevos casos. As\u00ed, se han registrado 24.133 altas a pacientes con coronavirus, 10.507 m\u00e1s que nuevos casos. De esta forma, el n\u00famero de personas que han superado la enfermedad desde que comenz\u00f3 la pandemia en la Comunitat Valenciana asciende a 942.944 personas. Por provincias, las altas se distribuyen as\u00ed: 113.595 en Castell\u00f3n, 339.580 en Alicante y 489.710 en Valencia. El total de altas no asignadas asciende a 59.<\/p>\n\n\n\n<p>Los hospitales valencianos tienen, actualmente, 1.811 personas ingresadas, 182 de ellas en la UCI: 258 en la provincia de Castell\u00f3n, 20 en UCI; 607 en la provincia de Alicante, 67 de ellas en la UCI; y 946 en la provincia de Valencia, 95 en UCI.&nbsp;<\/p>\n\n\n\n<p>Se han notificado 36 fallecimientos por coronavirus desde la \u00faltima actualizaci\u00f3n. Se trata de 11 mujeres, de entre 50 y 97 a\u00f1os, y 25 hombres, de entre 50 y 98 a\u00f1os. Todos los fallecimientos son de la \u00faltima semana. El total de decesos desde el inicio de la pandemia asciende a 8.564: 983 en la provincia de Castell\u00f3n, 3.295 en la de Alicante y 4.286 en la de Valencia.&nbsp;<\/p>\n\n\n\n<p>De acuerdo con los datos registrados, en estos momentos hay 192.994 casos activos, lo que supone un 16,86% del total de positivos.<\/p>\n","protected":false},"excerpt":{"rendered":"<div class=\"mh-excerpt\">Sanidad notifica 13.626 nuevos casos de coronavirus y 24.133 altas en la Comunitat Valenciana Por provincias se han registrado 1.544 en Castell\u00f3n, 5.017 en Alicante y 7.064 en Valencia Los hospitales valencianos tienen 1.811 personas <a class=\"mh-excerpt-more\" href=\"https:\/\/www.tucomarca.com\/wordpress\/segunda\/por-segundo-dia-consecutivo-el-numero-de-altas-supera-al-de-los-nuevos-casos-de-covid-en-la-comunitat\/\" title=\"Por segundo d\u00eda consecutivo, el n\u00famero de altas supera al de los nuevos casos de covid en la Comunitat\">[+] <\/a><\/div>\n","protected":false},"author":1,"featured_media":143476,"comment_status":"open","ping_status":"open","sticky":false,"template":"","format":"standard","meta":{"footnotes":""},"categories":[119,12201,128,8,72,117,142,3,116,45],"tags":[11937,11938,16214,1973,2105],"class_list":{"0":"post-148296","1":"post","2":"type-post","3":"status-publish","4":"format-standard","5":"has-post-thumbnail","7":"category-sanidad-la-comarca","8":"category-covid-19","9":"category-infraestructuras","10":"category-la-comarca","11":"category-sin-categorizar","12":"category-medio-ambiente-la-comarca","13":"category-politica-la-comarca","14":"category-seccion","15":"category-sucesos-la-comarca","16":"category-ventana","17":"tag-coronavirus","18":"tag-covid-19","19":"tag-sexta-ola","20":"tag-vacunacion","21":"tag-vacunas"},"_links":{"self":[{"href":"https:\/\/www.tucomarca.com\/wordpress\/segunda\/wp-json\/wp\/v2\/posts\/148296","targetHints":{"allow":["GET"]}}],"collection":[{"href":"https:\/\/www.tucomarca.com\/wordpress\/segunda\/wp-json\/wp\/v2\/posts"}],"about":[{"href":"https:\/\/www.tucomarca.com\/wordpress\/segunda\/wp-json\/wp\/v2\/types\/post"}],"author":[{"embeddable":true,"href":"https:\/\/www.tucomarca.com\/wordpress\/segunda\/wp-json\/wp\/v2\/users\/1"}],"replies":[{"embeddable":true,"href":"https:\/\/www.tucomarca.com\/wordpress\/segunda\/wp-json\/wp\/v2\/comments?post=148296"}],"version-history":[{"count":0,"href":"https:\/\/www.tucomarca.com\/wordpress\/segunda\/wp-json\/wp\/v2\/posts\/148296\/revisions"}],"wp:featuredmedia":[{"embeddable":true,"href":"https:\/\/www.tucomarca.com\/wordpress\/segunda\/wp-json\/wp\/v2\/media\/143476"}],"wp:attachment":[{"href":"https:\/\/www.tucomarca.com\/wordpress\/segunda\/wp-json\/wp\/v2\/media?parent=148296"}],"wp:term":[{"taxonomy":"category","embeddable":true,"href":"https:\/\/www.tucomarca.com\/wordpress\/segunda\/wp-json\/wp\/v2\/categories?post=148296"},{"taxonomy":"post_tag","embeddable":true,"href":"https:\/\/www.tucomarca.com\/wordpress\/segunda\/wp-json\/wp\/v2\/tags?post=148296"}],"curies":[{"name":"wp","href":"https:\/\/api.w.org\/{rel}","templated":true}]}}