{"id":148392,"date":"2022-02-02T10:00:00","date_gmt":"2022-02-02T09:00:00","guid":{"rendered":"http:\/\/www.tucomarca.com\/wordpress\/segunda\/?p=148392"},"modified":"2022-02-02T15:48:53","modified_gmt":"2022-02-02T14:48:53","slug":"leliana-ciudad-amigable-con-las-personas-mayores","status":"publish","type":"post","link":"https:\/\/www.tucomarca.com\/wordpress\/segunda\/leliana-ciudad-amigable-con-las-personas-mayores\/","title":{"rendered":"L\u2019Eliana, ciudad amigable con las personas mayores"},"content":{"rendered":"\n<h4 class=\"wp-block-heading\">El Ayuntamiento ha organizado durante 2021 un total de 30 actividades en las que han participado m\u00e1s de 3.200 personas.<\/h4>\n\n\n\n<p>L\u2019Eliana es ya oficialmente una ciudad que reconoce la diversidad de las personas mayores, respeta sus opciones de forma de vida, promueve una cultura de inclusi\u00f3n y responde a sus preferencias relacionadas con el envejecimiento activo. As\u00ed lo ha ratificado recientemente el Pleno del Ayuntamiento tras la adhesi\u00f3n el pasado 2021 a la Red Mundial de Ciudades y Comunidades Amigables con las Personas Mayores, un proyecto promovido por la Organizaci\u00f3n Mundial de la Salud (OMS) como respuesta al r\u00e1pido envejecimiento de la poblaci\u00f3n.&nbsp;<\/p>\n\n\n\n<p>Y es que el objetivo del \u00e1rea de Personas Mayores es conectar con otras experiencias municipales de todo el mundo y compartir la visi\u00f3n de hacer de l\u2019Eliana un lugar mejor donde envejecer. Todo ello dise\u00f1ando y organizando pol\u00edticas, servicios y estructuras que les permita vivir dignamente, disfrutar de una buena salud y continuar participando en la sociedad de manera plena y activa.<\/p>\n\n\n\n<p>En este sentido, el Consistorio ha impulsado durante el a\u00f1o pasado una treintena de actividades de ocio cultural, medioambiental y de estimulaci\u00f3n cognitiva, as\u00ed como acciones de formaci\u00f3n, talleres y conferencias de tem\u00e1ticas de inter\u00e9s para este colectivo en el que han participado un total de 3.242 personas. Entre otras, destacan las celebraciones en torno al D\u00eda Mundial de las Personas Mayores con la primera Fira Gent Gran y actividades de dinamizaci\u00f3n en el centro de d\u00eda, las residencias y el Hogar del Jubilado de la localidad durante el mes de octubre.&nbsp; Adem\u00e1s, el \u00e1rea est\u00e1 trabajando en la elaboraci\u00f3n de un Plan Local de Envejecimiento Activo y Saludable (PLEAS), contando con la participaci\u00f3n de la Asamblea de Personas Mayores.<\/p>\n\n\n\n<p>La edil, Eva Santaf\u00e9, ha recordado que el objetivo es \u201c<em>mejorar nuestro entorno y servicios incorporando esta perspectiva a la planificaci\u00f3n municipal de manera transversal para atender a este sector de la poblaci\u00f3n cada vez m\u00e1s numeroso y que ha sido muy castigado durante la pandemia<\/em>\u201d.<\/p>\n","protected":false},"excerpt":{"rendered":"<div class=\"mh-excerpt\">El Ayuntamiento ha organizado durante 2021 un total de 30 actividades en las que han participado m\u00e1s de 3.200 personas. L\u2019Eliana es ya oficialmente una ciudad que reconoce la diversidad de las personas mayores, respeta <a class=\"mh-excerpt-more\" href=\"https:\/\/www.tucomarca.com\/wordpress\/segunda\/leliana-ciudad-amigable-con-las-personas-mayores\/\" title=\"L\u2019Eliana, ciudad amigable con las personas mayores\">[+] <\/a><\/div>\n","protected":false},"author":12,"featured_media":148401,"comment_status":"open","ping_status":"open","sticky":false,"template":"","format":"standard","meta":{"footnotes":""},"categories":[46,128,177,8,142,3],"tags":[10395,16329,10433,1793],"class_list":{"0":"post-148392","1":"post","2":"type-post","3":"status-publish","4":"format-standard","5":"has-post-thumbnail","7":"category-camp-de-turia","8":"category-infraestructuras","9":"category-leliana","10":"category-la-comarca","11":"category-politica-la-comarca","12":"category-seccion","13":"tag-camp-de-turia","14":"tag-ciudad-amigable","15":"tag-leliana","16":"tag-personas-mayores"},"_links":{"self":[{"href":"https:\/\/www.tucomarca.com\/wordpress\/segunda\/wp-json\/wp\/v2\/posts\/148392","targetHints":{"allow":["GET"]}}],"collection":[{"href":"https:\/\/www.tucomarca.com\/wordpress\/segunda\/wp-json\/wp\/v2\/posts"}],"about":[{"href":"https:\/\/www.tucomarca.com\/wordpress\/segunda\/wp-json\/wp\/v2\/types\/post"}],"author":[{"embeddable":true,"href":"https:\/\/www.tucomarca.com\/wordpress\/segunda\/wp-json\/wp\/v2\/users\/12"}],"replies":[{"embeddable":true,"href":"https:\/\/www.tucomarca.com\/wordpress\/segunda\/wp-json\/wp\/v2\/comments?post=148392"}],"version-history":[{"count":0,"href":"https:\/\/www.tucomarca.com\/wordpress\/segunda\/wp-json\/wp\/v2\/posts\/148392\/revisions"}],"wp:featuredmedia":[{"embeddable":true,"href":"https:\/\/www.tucomarca.com\/wordpress\/segunda\/wp-json\/wp\/v2\/media\/148401"}],"wp:attachment":[{"href":"https:\/\/www.tucomarca.com\/wordpress\/segunda\/wp-json\/wp\/v2\/media?parent=148392"}],"wp:term":[{"taxonomy":"category","embeddable":true,"href":"https:\/\/www.tucomarca.com\/wordpress\/segunda\/wp-json\/wp\/v2\/categories?post=148392"},{"taxonomy":"post_tag","embeddable":true,"href":"https:\/\/www.tucomarca.com\/wordpress\/segunda\/wp-json\/wp\/v2\/tags?post=148392"}],"curies":[{"name":"wp","href":"https:\/\/api.w.org\/{rel}","templated":true}]}}