{"id":148430,"date":"2022-02-03T09:00:00","date_gmt":"2022-02-03T08:00:00","guid":{"rendered":"http:\/\/www.tucomarca.com\/wordpress\/segunda\/?p=148430"},"modified":"2022-02-03T10:27:48","modified_gmt":"2022-02-03T09:27:48","slug":"el-gobierno-municipal-de-ximo-segarra-preve-llegar-a-mayo-de-2022-con-el-80-de-sus-compromisos-electorales-con-la-ciudadania-cumplidos","status":"publish","type":"post","link":"https:\/\/www.tucomarca.com\/wordpress\/segunda\/el-gobierno-municipal-de-ximo-segarra-preve-llegar-a-mayo-de-2022-con-el-80-de-sus-compromisos-electorales-con-la-ciudadania-cumplidos\/","title":{"rendered":"El Gobierno municipal de Ximo Segarra prev\u00e9 llegar a mayo de 2022 con el 80% de sus compromisos electorales con la ciudadan\u00eda cumplidos"},"content":{"rendered":"\n<h4 class=\"wp-block-heading\">En mayo de 2022 se cumplir\u00e1n tres a\u00f1os de legislatura de los cuales dos, inmersos en la pandemia del COVID-19. En los pr\u00f3ximos meses se pondr\u00e1n en marcha iniciativas municipales como el Proyecto de Intercambio juvenil a trav\u00e9s de Fondos Europeos, el calendario de adiestramiento canino gratuito en materia de Bienestar Animal, mejoras en el entorno urbano, la puesta en marcha de un Plan Local de Seguridad y la licitaci\u00f3n para la mejora del mantenimiento en zonas verdes de la localidad.<\/h4>\n\n\n\n<p>Desde el Gobierno Municipal liderado por el acalde y diputado provincial Ximo Segarra, se\u00f1alan que intensificar\u00e1n sus esfuerzos para intentar a pesar de la pandemia, llegar al m\u00e1ximo grado de cumplimiento de sus compromisos con la ciudadan\u00eda.<\/p>\n\n\n\n<p><strong>Las personas y la calidad de vida, las prioridades del Gobierno Municipal<\/strong><\/p>\n\n\n\n<p>A lo largo de esta legislatura ya se han puesto en marcha la mayor\u00eda de compromisos que fueron adquiridos con la ciudadan\u00eda para el periodo 2019-2023.<\/p>\n\n\n\n<p>La mejora de la seguridad a trav\u00e9s de drones o la instalaci\u00f3n de c\u00e1maras de video vigilancia se completar\u00e1 con la puesta en marcha de un Plan Local de Seguridad que armonizar\u00e1 las acciones con un incremento de equipos de video vigilancia, controles policiales y campa\u00f1as de concienciaci\u00f3n ciudadana en materia de civismo, uso de petardos, uso de patinetes el\u00e9ctricos y tenencia de animales potencialmente peligrosos.<\/p>\n\n\n\n<p>En materia agr\u00edcola, se han llevado a cabo desde el principio de la legislatura, actuaciones de repavimentaci\u00f3n y mantenimiento de caminos rurales y est\u00e1 prevista la inversi\u00f3n de 100.000\u20ac en el Camino dels Cuartons en los pr\u00f3ximos meses. Tambi\u00e9n se ha puesto en funcionamiento un nuevo servicio integral de mantenimiento de caminos rurales y en el pleno ordinario de febrero se dio luz verde a la puesta en marcha de ayudas econ\u00f3micas para las explotaciones agr\u00edcolas. A todas estas acciones, se prev\u00e9 la colaboraci\u00f3n p\u00fablico\/privada a trav\u00e9s de la firma de un convenio para que los agricultores y agricultoras de Benaguasil hagan uso de una b\u00e1scula situada en el Pol\u00edgono de la Pila.<\/p>\n\n\n\n<p>La sostenibilidad es otra de las grandes apuestas del Gobierno Municipal de Benaguasil. Desde 2019 se ha elaborado el Plan de Movilidad Urbana Sostenible, se han llevado a cabo campa\u00f1as de sensibilizaci\u00f3n y concienciaci\u00f3n en materia de Responsabilidad Social. Benaguasil ha incorporado tambi\u00e9n dos estaciones con puntos de recarga para veh\u00edculos el\u00e9ctricos y se ha puesto en funcionamiento un Parking P\u00fablico Comercial en la Calle Palau a la que est\u00e1 prevista la incorporaci\u00f3n de una nueva zona de aparcamiento p\u00fablico en la Calle la Basseta.<\/p>\n\n\n\n<p>Los Talleres de Empleo, la implantaci\u00f3n de nuevas empresas en municipio y la captaci\u00f3n de inversiones para Benaguasil, son aspectos a los que no renuncia el Gobierno Municipal aunque la situaci\u00f3n nacional sea complicada.<\/p>\n\n\n\n<p>Para el equipo de Ximo Segarra \u201ctenemos unos compromisos s\u00f3lidos con la ciudadan\u00eda y todo aquel que quiera invertir en Benaguasil siempre tendr\u00e1 en nosotros un aliado para lograr la creaci\u00f3n de puestos de trabajo y el crecimiento de nuestro municipio\u201d.&nbsp;<\/p>\n\n\n\n<p>En lo que se refiere al deporte, la inversi\u00f3n municipal ha superado los 200.000\u20ac en 2021 con la renovaci\u00f3n del campo de f\u00fatbol 7, la reforma de las pistas de tenis, p\u00e1del, la creaci\u00f3n de dependencias para los clubes y mejora de la accesibilidad para el Complejo Deportivo Municipal. Durante 2022 el \u00e1rea de deporte tiene prevista actuar en una nueva fase que permita acciones como la renovaci\u00f3n vestuarios piscina de verano, actuaci\u00f3n en el front\u00f3n municipal, pistas de tenis, p\u00e1del, zona multideportiva y mejora de la eficiencia energ\u00e9tica.<\/p>\n\n\n\n<p>La creaci\u00f3n del Espai de la Dona ha supuesto un respaldo para las asociaciones que trabajan en pro de la Igualdad del municipio con la puesta en marcha de unas instalaciones de m\u00e1s de 180m2 destinados integralmente para las mujeres de Benaguasil. A lo largo de 2021, se han puesto en marcha programas municipales como Ment Sana de charlas coloquio en materia de salud mental o la formaci\u00f3n contra violencia de g\u00e9nero para que las asociaciones locales sepan dar respuesta certera ante estas situaciones.<\/p>\n\n\n\n<p>Desde el Departamento de Bienestar Social se prev\u00e9 en 2022 la puesta en funcionamiento del Equipo Base que permitir\u00e1 dar una mayor y mejor atenci\u00f3n a colectivos como la infancia, personas dependientes y personas en riesgo de exclusi\u00f3n social.<\/p>\n\n\n\n<p>Por \u00faltimo, la Juventud, el Turismo y la Cultura son otras de las grandes apuestas del Gobierno Municipal con la puesta en marcha de un calendario de actividades destinada a la poblaci\u00f3n infantil y juvenil los fines de semana. Una vez finalice la vacunaci\u00f3n masiva, el Casal de la Juventud recuperar\u00e1 su horario de apertura y ampliar\u00e1 el mismo con zona de ordenadores, consolas y juegos en equipo. En materia de promoci\u00f3n tur\u00edstica, est\u00e1 prevista la ampliaci\u00f3n de la Ruta de les Poesies, la presentaci\u00f3n de la nueva web tur\u00edstica as\u00ed como intensificar la promoci\u00f3n de las rutas saludables y de las fiestas tradiciones de Benaguasil como nuestras Fallas, Fiestas de Inter\u00e9s Tur\u00edstic Provincial.<\/p>\n\n\n\n<p>Para el gobierno de Ximo Segarra es fundamental estar presentes en Europa y por eso se ha creado la Oficina de Proyectos Europeos que ya ha conseguido la obtenci\u00f3n de cinco proyectos europeos y que trabaja intensamente para la captaci\u00f3n de Fondos Next puestos en marcha por la Uni\u00f3n Europea consecuencia a la crisis del COVID-19.<\/p>\n\n\n\n<p>El alcalde Ximo Segarra hace un balance positivo a pesar de los dif\u00edciles tiempos de gesti\u00f3n p\u00fablica, \u201cesta legislatura est\u00e1 marcada por la pandemia del COVID-19 y poder llegar en mayo de 2022 con el 80% de nuestros compromisos electorales con la ciudadan\u00eda cumplidos es fruto del intenso trabajo de todo el equipo municipal y de toda la plantilla del Ayuntamiento de Benaguasil. Nuestra intenci\u00f3n es seguir construyendo un municipio de calidad de vida anteponiendo siempre a las personas por encima de las ideas\u201d.<\/p>\n","protected":false},"excerpt":{"rendered":"<div class=\"mh-excerpt\">En mayo de 2022 se cumplir\u00e1n tres a\u00f1os de legislatura de los cuales dos, inmersos en la pandemia del COVID-19. En los pr\u00f3ximos meses se pondr\u00e1n en marcha iniciativas municipales como el Proyecto de Intercambio <a class=\"mh-excerpt-more\" href=\"https:\/\/www.tucomarca.com\/wordpress\/segunda\/el-gobierno-municipal-de-ximo-segarra-preve-llegar-a-mayo-de-2022-con-el-80-de-sus-compromisos-electorales-con-la-ciudadania-cumplidos\/\" title=\"El Gobierno municipal de Ximo Segarra prev\u00e9 llegar a mayo de 2022 con el 80% de sus compromisos electorales con la ciudadan\u00eda cumplidos\">[+] <\/a><\/div>\n","protected":false},"author":1,"featured_media":129227,"comment_status":"open","ping_status":"open","sticky":false,"template":"","format":"standard","meta":{"footnotes":""},"categories":[172,46,128,8,142,3],"tags":[10429,10395,6533,12928],"class_list":{"0":"post-148430","1":"post","2":"type-post","3":"status-publish","4":"format-standard","5":"has-post-thumbnail","7":"category-benaguasil","8":"category-camp-de-turia","9":"category-infraestructuras","10":"category-la-comarca","11":"category-politica-la-comarca","12":"category-seccion","13":"tag-benaguasil","14":"tag-camp-de-turia","15":"tag-pp-benaguasil","16":"tag-ximo-segarra"},"_links":{"self":[{"href":"https:\/\/www.tucomarca.com\/wordpress\/segunda\/wp-json\/wp\/v2\/posts\/148430","targetHints":{"allow":["GET"]}}],"collection":[{"href":"https:\/\/www.tucomarca.com\/wordpress\/segunda\/wp-json\/wp\/v2\/posts"}],"about":[{"href":"https:\/\/www.tucomarca.com\/wordpress\/segunda\/wp-json\/wp\/v2\/types\/post"}],"author":[{"embeddable":true,"href":"https:\/\/www.tucomarca.com\/wordpress\/segunda\/wp-json\/wp\/v2\/users\/1"}],"replies":[{"embeddable":true,"href":"https:\/\/www.tucomarca.com\/wordpress\/segunda\/wp-json\/wp\/v2\/comments?post=148430"}],"version-history":[{"count":0,"href":"https:\/\/www.tucomarca.com\/wordpress\/segunda\/wp-json\/wp\/v2\/posts\/148430\/revisions"}],"wp:featuredmedia":[{"embeddable":true,"href":"https:\/\/www.tucomarca.com\/wordpress\/segunda\/wp-json\/wp\/v2\/media\/129227"}],"wp:attachment":[{"href":"https:\/\/www.tucomarca.com\/wordpress\/segunda\/wp-json\/wp\/v2\/media?parent=148430"}],"wp:term":[{"taxonomy":"category","embeddable":true,"href":"https:\/\/www.tucomarca.com\/wordpress\/segunda\/wp-json\/wp\/v2\/categories?post=148430"},{"taxonomy":"post_tag","embeddable":true,"href":"https:\/\/www.tucomarca.com\/wordpress\/segunda\/wp-json\/wp\/v2\/tags?post=148430"}],"curies":[{"name":"wp","href":"https:\/\/api.w.org\/{rel}","templated":true}]}}