{"id":148441,"date":"2022-02-02T09:45:00","date_gmt":"2022-02-02T08:45:00","guid":{"rendered":"http:\/\/www.tucomarca.com\/wordpress\/segunda\/?p=148441"},"modified":"2022-02-02T19:37:02","modified_gmt":"2022-02-02T18:37:02","slug":"investigan-a-una-persona-por-embestir-con-su-vehiculo-a-una-motocicleta-en-una-carretera-de-riba-roja-y-abandonar-el-lugar","status":"publish","type":"post","link":"https:\/\/www.tucomarca.com\/wordpress\/segunda\/investigan-a-una-persona-por-embestir-con-su-vehiculo-a-una-motocicleta-en-una-carretera-de-riba-roja-y-abandonar-el-lugar\/","title":{"rendered":"Investigan a una persona por embestir con su veh\u00edculo a una motocicleta en una carretera de Riba-roja y abandonar el lugar"},"content":{"rendered":"\n<h4 class=\"wp-block-heading\"><strong>Como consecuencia, el conductor de la motocicleta cay\u00f3 en el carril contrario y la motocicleta termin\u00f3 despe\u00f1\u00e1ndose por un barranco<\/strong><\/h4>\n\n\n\n<h4 class=\"wp-block-heading\"><strong>El veh\u00edculo causante de la colisi\u00f3n, no dud\u00f3 en abandonar el lugar de los hechos<\/strong><\/h4>\n\n\n\n<h4 class=\"wp-block-heading\"><strong>La v\u00edctima, un hombre de 24 a\u00f1os y de nacionalidad espa\u00f1ola, sufri\u00f3 heridas de car\u00e1cter grave<\/strong><\/h4>\n\n\n\n<p>El Grupo de Investigaci\u00f3n y An\u00e1lisis del Sector de Tr\u00e1fico de la Guardia Civil de la Comunidad Valenciana, ha investigado a un hombre, de 42 a\u00f1os y de nacionalidad espa\u00f1ola, por un delito Contra la Seguridad Vial (abandono del lugar del accidente) y otro de lesiones graves por imprudencia grave en Valencia.<\/p>\n\n\n\n<p>El pasado d\u00eda 4 de diciembre, a las 00,30 horas, en el kil\u00f3metro 9,2 de la carretera CV-370, perteneciente al t\u00e9rmino municipal de Riba-roja del Turia, un veh\u00edculo embisti\u00f3 a una motocicleta por la parte trasera. Como consecuencia, el conductor de la motocicleta cay\u00f3 en el carril contrario y la motocicleta termin\u00f3 despe\u00f1\u00e1ndose por un barranco. El veh\u00edculo causante de la colisi\u00f3n, no dud\u00f3 en abandonar el lugar de los hechos.&nbsp;<\/p>\n\n\n\n<p>Durante la investigaci\u00f3n, los agentes lograron identificar el coche, causante del siniestro, y el propietario del mismo.&nbsp;<\/p>\n\n\n\n<p>La v\u00edctima, un hombre de 24 a\u00f1os, de nacionalidad espa\u00f1ola, sufri\u00f3 heridas de car\u00e1cter grave.<\/p>\n\n\n\n<p>Finalmente, agentes del Grupo de Investigaci\u00f3n y An\u00e1lisis del Sector de Tr\u00e1fico de la Guardia Civil de la Comunidad Valenciana ha investigado un hombre, de 42 a\u00f1os y de nacionalidad espa\u00f1ola, por un delito Contra la Seguridad Vial (abandono del lugar del accidente) y otro de lesiones graves por imprudencia grave en Valencia.<\/p>\n\n\n\n<p>Tras la modificaci\u00f3n del art\u00edculo 382 bis del C\u00f3digo Penal, que entr\u00f3 en vigor el 3 de marzo de 2019, y reconoce la figura delictiva de \u201cabandono del lugar del accidente\u201d, el Grupo de Investigaci\u00f3n y An\u00e1lisis del Sector de Tr\u00e1fico de la Guardia Civil de la Comunidad Valenciana ha detenido\/investigado, hasta el d\u00eda de la fecha, a 11 conductores.<\/p>\n\n\n\n<p>Las diligencias han sido entregadas en el Juzgado de Primera Instancia e Instrucci\u00f3n N\u00famero 1 de Ll\u00edria.&nbsp;<\/p>\n","protected":false},"excerpt":{"rendered":"<div class=\"mh-excerpt\">Como consecuencia, el conductor de la motocicleta cay\u00f3 en el carril contrario y la motocicleta termin\u00f3 despe\u00f1\u00e1ndose por un barranco El veh\u00edculo causante de la colisi\u00f3n, no dud\u00f3 en abandonar el lugar de los hechos <a class=\"mh-excerpt-more\" href=\"https:\/\/www.tucomarca.com\/wordpress\/segunda\/investigan-a-una-persona-por-embestir-con-su-vehiculo-a-una-motocicleta-en-una-carretera-de-riba-roja-y-abandonar-el-lugar\/\" title=\"Investigan a una persona por embestir con su veh\u00edculo a una motocicleta en una carretera de Riba-roja y abandonar el lugar\">[+] <\/a><\/div>\n","protected":false},"author":1,"featured_media":148442,"comment_status":"open","ping_status":"open","sticky":false,"template":"","format":"standard","meta":{"footnotes":""},"categories":[46,8,182,3,116,45],"tags":[10395,1098,8900],"class_list":{"0":"post-148441","1":"post","2":"type-post","3":"status-publish","4":"format-standard","5":"has-post-thumbnail","7":"category-camp-de-turia","8":"category-la-comarca","9":"category-riba-roja","10":"category-seccion","11":"category-sucesos-la-comarca","12":"category-ventana","13":"tag-camp-de-turia","14":"tag-guardia-civil","15":"tag-riba-roja-del-turia"},"_links":{"self":[{"href":"https:\/\/www.tucomarca.com\/wordpress\/segunda\/wp-json\/wp\/v2\/posts\/148441","targetHints":{"allow":["GET"]}}],"collection":[{"href":"https:\/\/www.tucomarca.com\/wordpress\/segunda\/wp-json\/wp\/v2\/posts"}],"about":[{"href":"https:\/\/www.tucomarca.com\/wordpress\/segunda\/wp-json\/wp\/v2\/types\/post"}],"author":[{"embeddable":true,"href":"https:\/\/www.tucomarca.com\/wordpress\/segunda\/wp-json\/wp\/v2\/users\/1"}],"replies":[{"embeddable":true,"href":"https:\/\/www.tucomarca.com\/wordpress\/segunda\/wp-json\/wp\/v2\/comments?post=148441"}],"version-history":[{"count":0,"href":"https:\/\/www.tucomarca.com\/wordpress\/segunda\/wp-json\/wp\/v2\/posts\/148441\/revisions"}],"wp:featuredmedia":[{"embeddable":true,"href":"https:\/\/www.tucomarca.com\/wordpress\/segunda\/wp-json\/wp\/v2\/media\/148442"}],"wp:attachment":[{"href":"https:\/\/www.tucomarca.com\/wordpress\/segunda\/wp-json\/wp\/v2\/media?parent=148441"}],"wp:term":[{"taxonomy":"category","embeddable":true,"href":"https:\/\/www.tucomarca.com\/wordpress\/segunda\/wp-json\/wp\/v2\/categories?post=148441"},{"taxonomy":"post_tag","embeddable":true,"href":"https:\/\/www.tucomarca.com\/wordpress\/segunda\/wp-json\/wp\/v2\/tags?post=148441"}],"curies":[{"name":"wp","href":"https:\/\/api.w.org\/{rel}","templated":true}]}}