{"id":148506,"date":"2022-02-03T15:00:00","date_gmt":"2022-02-03T14:00:00","guid":{"rendered":"http:\/\/www.tucomarca.com\/wordpress\/segunda\/?p=148506"},"modified":"2022-02-03T18:53:15","modified_gmt":"2022-02-03T17:53:15","slug":"el-incliva-ava-asaja-y-la-fundacio-vcf-entregan-los-premios-de-la-campana-esta-navidad-regala-investigacion","status":"publish","type":"post","link":"https:\/\/www.tucomarca.com\/wordpress\/segunda\/el-incliva-ava-asaja-y-la-fundacio-vcf-entregan-los-premios-de-la-campana-esta-navidad-regala-investigacion\/","title":{"rendered":"El INCLIVA, AVA-Asaja y la Fundaci\u00f3 VCF entregan los premios de la campa\u00f1a \u201cEsta navidad, regala investigaci\u00f3n\u201d"},"content":{"rendered":"\n<p>El Instituto de Investigaci\u00f3n Sanitaria del Hospital Cl\u00ednico de Val\u00e8ncia (INCLIVA), con la colaboraci\u00f3n de la Asociaci\u00f3n Valenciana de Agricultores (AVA-ASAJA) y la Fundaci\u00f3 VCF como entidades embajadoras de honor, han concluido hoy la entrega de premios de la campa\u00f1a solidaria \u2018Esta Navidad, regala investigaci\u00f3n\u2019.<\/p>\n\n\n\n<p>Esta iniciativa, que pretende concienciar a la sociedad sobre la trascendencia de la investigaci\u00f3n sanitaria y plantear la posibilidad de que tambi\u00e9n los ciudadanos contribuyan mediante su donativo particular a encontrar soluciones a los problemas m\u00e9dicos no resueltos, ha sorteado lotes entre las personas participantes.<\/p>\n\n\n\n<p>AVA-ASAJA ha repartido productos agrarios de proximidad: un lote especial con vino de la Denominaci\u00f3n de Origen (DO) Valencia, naranjas y productos ecol\u00f3gicos de origen Comunitat Valenciana; tres lotes con cuatro botellas de vino ecol\u00f3gico de Bodegas Enguera; dos cajas de vino de DO Valencia; cinco cajas de naranjas origen Comunitat Valenciana; y dos lotes de productos ecol\u00f3gicos de origen Comunitat Valenciana de AgroLife.<\/p>\n\n\n\n<p>Por su parte, los premios que facilit\u00f3 el 24 de enero la Fundaci\u00f3 VCF son: una camiseta del Val\u00e8ncia CF firmada por los jugadores y personalizada en la espalda con INCLIVA; un bal\u00f3n firmado por los jugadores del Valencia CF; dos conjuntos de bufanda y gorro del Val\u00e8ncia CF; dos Tour Mestalla; y cuatro entradas para participar en el campus \u2018Yo pis\u00e9 Mestalla\u2019.<\/p>\n\n\n\n<p>Algunos de los premiados han decidido donar su premio a ASPANION (Asociaci\u00f3n de Padres de Ni\u00f1os Con C\u00e1ncer de la Comunidad Valenciana) para que ni\u00f1os que padecen c\u00e1ncer y sus familias disfruten de los regalos.<\/p>\n\n\n\n<p>\u2018Esta Navidad, regala investigaci\u00f3n\u2019 se enmarca en la campa\u00f1a \u2018Yo apoyo la investigaci\u00f3n\u2019 y constituye un paso m\u00e1s en la estrecha colaboraci\u00f3n que INCLIVA lleva a cabo con AVA-ASAJA en aras de avanzar en la investigaci\u00f3n sobre los beneficios saludables que puede aportar el consumo de productos agrarios valencianos como los c\u00edtricos, el caqui o la chufa. Informa, <strong>Luis Ib\u00e1\u00f1ez<\/strong>.<\/p>\n","protected":false},"excerpt":{"rendered":"<div class=\"mh-excerpt\">El Instituto de Investigaci\u00f3n Sanitaria del Hospital Cl\u00ednico de Val\u00e8ncia (INCLIVA), con la colaboraci\u00f3n de la Asociaci\u00f3n Valenciana de Agricultores (AVA-ASAJA) y la Fundaci\u00f3 VCF como entidades embajadoras de honor, han concluido hoy la entrega <a class=\"mh-excerpt-more\" href=\"https:\/\/www.tucomarca.com\/wordpress\/segunda\/el-incliva-ava-asaja-y-la-fundacio-vcf-entregan-los-premios-de-la-campana-esta-navidad-regala-investigacion\/\" title=\"El INCLIVA, AVA-Asaja y la Fundaci\u00f3 VCF entregan los premios de la campa\u00f1a \u201cEsta navidad, regala investigaci\u00f3n\u201d\">[+] <\/a><\/div>\n","protected":false},"author":1,"featured_media":148507,"comment_status":"open","ping_status":"open","sticky":false,"template":"","format":"standard","meta":{"footnotes":""},"categories":[169,50,3358,6,128,8,72,27,3],"tags":[328,10379,44,1810],"class_list":{"0":"post-148506","1":"post","2":"type-post","3":"status-publish","4":"format-standard","5":"has-post-thumbnail","7":"category-agricultura-la-comarca","8":"category-futbol-deportes","9":"category-canal-valencia-cf","10":"category-deportes","11":"category-infraestructuras","12":"category-la-comarca","13":"category-sin-categorizar","14":"category-requena-utiel","15":"category-seccion","16":"tag-ava-asaja","17":"tag-deportes","18":"tag-futbol","19":"tag-valencia-cf"},"_links":{"self":[{"href":"https:\/\/www.tucomarca.com\/wordpress\/segunda\/wp-json\/wp\/v2\/posts\/148506","targetHints":{"allow":["GET"]}}],"collection":[{"href":"https:\/\/www.tucomarca.com\/wordpress\/segunda\/wp-json\/wp\/v2\/posts"}],"about":[{"href":"https:\/\/www.tucomarca.com\/wordpress\/segunda\/wp-json\/wp\/v2\/types\/post"}],"author":[{"embeddable":true,"href":"https:\/\/www.tucomarca.com\/wordpress\/segunda\/wp-json\/wp\/v2\/users\/1"}],"replies":[{"embeddable":true,"href":"https:\/\/www.tucomarca.com\/wordpress\/segunda\/wp-json\/wp\/v2\/comments?post=148506"}],"version-history":[{"count":0,"href":"https:\/\/www.tucomarca.com\/wordpress\/segunda\/wp-json\/wp\/v2\/posts\/148506\/revisions"}],"wp:featuredmedia":[{"embeddable":true,"href":"https:\/\/www.tucomarca.com\/wordpress\/segunda\/wp-json\/wp\/v2\/media\/148507"}],"wp:attachment":[{"href":"https:\/\/www.tucomarca.com\/wordpress\/segunda\/wp-json\/wp\/v2\/media?parent=148506"}],"wp:term":[{"taxonomy":"category","embeddable":true,"href":"https:\/\/www.tucomarca.com\/wordpress\/segunda\/wp-json\/wp\/v2\/categories?post=148506"},{"taxonomy":"post_tag","embeddable":true,"href":"https:\/\/www.tucomarca.com\/wordpress\/segunda\/wp-json\/wp\/v2\/tags?post=148506"}],"curies":[{"name":"wp","href":"https:\/\/api.w.org\/{rel}","templated":true}]}}