{"id":148719,"date":"2022-02-07T09:00:00","date_gmt":"2022-02-07T08:00:00","guid":{"rendered":"http:\/\/www.tucomarca.com\/wordpress\/segunda\/?p=148719"},"modified":"2022-02-07T21:10:51","modified_gmt":"2022-02-07T20:10:51","slug":"concentraciones-la-hoya-la-ribera-requena-utiel-y-la-serrania-para-exigir-una-ubicacion-racional-de-las-renovables","status":"publish","type":"post","link":"https:\/\/www.tucomarca.com\/wordpress\/segunda\/concentraciones-la-hoya-la-ribera-requena-utiel-y-la-serrania-para-exigir-una-ubicacion-racional-de-las-renovables\/","title":{"rendered":"Concentraciones en La Hoya, La Ribera, Requena-Utiel y La Serran\u00eda para exigir una ubicaci\u00f3n racional de las renovables"},"content":{"rendered":"\n<h4 class=\"wp-block-heading\">Las concentraciones, convocadas por la Coordinadora Valenciana por la Ubicaci\u00f3n Racional de las Energ\u00edas Renovables, se han llevado a cabo en diversos  municipios de las tres provincias de la Comunitat, entre ellos Bu\u00f1ol, Chiva, Alzira, Ayora, Camporrobles, Catadau, Chella, Requena, Siete Aguas, Utiel y Villar para exigir una \u00abubicaci\u00f3n racional\u00bb de las energ\u00edas renovables<\/h4>\n\n\n\n<figure class=\"wp-block-gallery columns-1 is-cropped wp-block-gallery-1 is-layout-flex wp-block-gallery-is-layout-flex\"><ul class=\"blocks-gallery-grid\"><li class=\"blocks-gallery-item\"><figure><img loading=\"lazy\" decoding=\"async\" width=\"1024\" height=\"768\" src=\"https:\/\/www.tucomarca.com\/wordpress\/segunda\/wp-content\/uploads\/2022\/02\/CATADAU-1024x768.jpg\" alt=\"\" data-id=\"148729\" data-full-url=\"https:\/\/www.tucomarca.com\/wordpress\/segunda\/wp-content\/uploads\/2022\/02\/CATADAU.jpg\" data-link=\"https:\/\/www.tucomarca.com\/wordpress\/segunda\/?attachment_id=148729\" class=\"wp-image-148729\" srcset=\"https:\/\/www.tucomarca.com\/wordpress\/segunda\/wp-content\/uploads\/2022\/02\/CATADAU-1024x768.jpg 1024w, https:\/\/www.tucomarca.com\/wordpress\/segunda\/wp-content\/uploads\/2022\/02\/CATADAU-300x225.jpg 300w, https:\/\/www.tucomarca.com\/wordpress\/segunda\/wp-content\/uploads\/2022\/02\/CATADAU-768x576.jpg 768w, https:\/\/www.tucomarca.com\/wordpress\/segunda\/wp-content\/uploads\/2022\/02\/CATADAU-1536x1152.jpg 1536w, https:\/\/www.tucomarca.com\/wordpress\/segunda\/wp-content\/uploads\/2022\/02\/CATADAU-678x509.jpg 678w, https:\/\/www.tucomarca.com\/wordpress\/segunda\/wp-content\/uploads\/2022\/02\/CATADAU-326x245.jpg 326w, https:\/\/www.tucomarca.com\/wordpress\/segunda\/wp-content\/uploads\/2022\/02\/CATADAU-80x60.jpg 80w, https:\/\/www.tucomarca.com\/wordpress\/segunda\/wp-content\/uploads\/2022\/02\/CATADAU.jpg 1600w\" sizes=\"auto, (max-width: 1024px) 100vw, 1024px\" \/><\/figure><\/li><li class=\"blocks-gallery-item\"><figure><img loading=\"lazy\" decoding=\"async\" width=\"1024\" height=\"768\" src=\"https:\/\/www.tucomarca.com\/wordpress\/segunda\/wp-content\/uploads\/2022\/02\/REQUENA-1024x768.jpg\" alt=\"\" data-id=\"148731\" data-full-url=\"https:\/\/www.tucomarca.com\/wordpress\/segunda\/wp-content\/uploads\/2022\/02\/REQUENA.jpg\" data-link=\"https:\/\/www.tucomarca.com\/wordpress\/segunda\/?attachment_id=148731\" class=\"wp-image-148731\" srcset=\"https:\/\/www.tucomarca.com\/wordpress\/segunda\/wp-content\/uploads\/2022\/02\/REQUENA-1024x768.jpg 1024w, https:\/\/www.tucomarca.com\/wordpress\/segunda\/wp-content\/uploads\/2022\/02\/REQUENA-300x225.jpg 300w, https:\/\/www.tucomarca.com\/wordpress\/segunda\/wp-content\/uploads\/2022\/02\/REQUENA-768x576.jpg 768w, https:\/\/www.tucomarca.com\/wordpress\/segunda\/wp-content\/uploads\/2022\/02\/REQUENA-678x509.jpg 678w, https:\/\/www.tucomarca.com\/wordpress\/segunda\/wp-content\/uploads\/2022\/02\/REQUENA-326x245.jpg 326w, https:\/\/www.tucomarca.com\/wordpress\/segunda\/wp-content\/uploads\/2022\/02\/REQUENA-80x60.jpg 80w, https:\/\/www.tucomarca.com\/wordpress\/segunda\/wp-content\/uploads\/2022\/02\/REQUENA.jpg 1280w\" sizes=\"auto, (max-width: 1024px) 100vw, 1024px\" \/><\/figure><\/li><\/ul><\/figure>\n\n\n\n<p>Este pasado domingo en m\u00e1s de 23 municipios valencianos se ha escuchado un clamor por la ubicaci\u00f3n racional de las energ\u00edas renovables, que pasa para rectificar el decreto ley 14\/2020; una normativa que se ha evidenciado \u00abincapaz de planificar y ordenar racionalmente el despliegue de las renovables en nuestro territorio y que conduce a unos resultados contradictorios con los objetivos de la propia regulaci\u00f3n\u00bb, seg\u00fan los organizadores.<\/p>\n\n\n\n<p>\u00abEs un texto tan mal hecho, que \u00e9l mismo se auto-contradice. El resultado es cualquier cosa menos la sostenibilidad. No es eficiente, no es justo, no es equitativo, no ordena nada y no salvaguarda adecuadamente ni el medio ambiente, ni la agricultura, ni el paisaje. En definitiva, es un error. Hay que rectificar y modificar el decreto, cosa realista y factible con la que todos y todas ganar\u00edamos, excepto algunas empresas especuladoras que, simplemente, menguar\u00edan lo que pretenden ganar. La administraci\u00f3n tiene que escuchar este clamor que pide la rectificaci\u00f3n de un decreto que se ha hecho con prisas y mal y origina graves ineficiencias\u00bb, a\u00f1aden.&nbsp;<\/p>\n\n\n\n<p><br>A las 12.00 h del domingo en los municipios de Alcal\u00e0 de Xivert-Alcossebre, Alzira, Ayora, Borriol, Bu\u00f1ol, Camporrobles, Carcaixent, Catadau, Chella, Chiva, Elda-Petrer, la Vall d&#8217;Uix\u00f2, les Coves de Vinrom\u00e0, Mon\u00f3var, Montesa-la Costa, Requena, Sant Joan de Mor\u00f3, Siete Aguas, Utiel, Vilafam\u00e9s y Villar se han concentrado representantes de las diferentes plataformas locales y comarcales que se \u00aboponen a esta equivocada normativa y p\u00e9sima regulaci\u00f3n, y sus consecuencias con proyectos que destruyen el territorio, para manifestar su rechazo y exigir su modificaci\u00f3n. Han desplegado pancartas y carteles y han manifestado la necesidad de dialogar y rectificar. Con el acto, la Coordinadora valenciana por la ubicaci\u00f3n racional de las EE RR exige del gobierno valenciano que se siente a habla y modificar el decreto, en beneficio de todos y todas. Queremos que las promesas de transparencia, participaci\u00f3n y di\u00e1logo sean una realidad\u00bb.<\/p>\n\n\n\n<p><br>La Coordinadora est\u00e1 \u00abinnegablemente a favor de la necesaria e inaplazable transici\u00f3n energ\u00e9tica mediante el despliegue de las energ\u00edas renovables, pero que esta tiene que ser planificada desde lo p\u00fablico, con la participaci\u00f3n de la sociedad y las entidades locales y no desde los intereses especulativos, y tiene que ser justa, equitativa y sostenible y \u00fanicamente pide que se ubiquen all\u00e1 donde m\u00e1s consumo y necesidad hay, de una manera ordenada, racional y dimensionada y d\u00f3nde menos impactos negativos tengan, cosa que ahora, lamentablemente, constatemos que no se est\u00e1 cumpliendo; m\u00e1s bien todo el contrario\u00bb.&nbsp;<\/p>\n\n\n\n<p><br>\u00abLa mala regulaci\u00f3n del Decreto favorece que la inmensa mayor\u00eda de proyectos presentados, sean grandes instalaciones, siguiendo un modelo de concentraci\u00f3n y de producci\u00f3n el\u00e9ctrica para evacuar en la red de transporte y no a la de distribuci\u00f3n pr\u00f3xima, y hace que vayan a parar a los suelos baratos y econ\u00f3micos por las empresas promotoras. Justamente los lugares donde m\u00e1s mal pueden hacer y d\u00f3nde menos falta hacen, exigiendo despu\u00e9s la construcci\u00f3n de centenares de km de tendidos el\u00e9ctricos que multipliquen los da\u00f1os. Este modelo no deja beneficios en el territorio donde se implanta, de hecho, los impactos son muy graves contra la agricultura, el paisaje y el medio ambiente, pero tambi\u00e9n tendr\u00e1n negativas consecuencias sociales y econ\u00f3micas, que perjudican seriamente las posibilidades de un desarrollo sostenible en las comarcas de interior. A la larga esto se transformar\u00e1 en m\u00e1s paro, m\u00e1s despoblamiento, p\u00e9rdidas de rentas y degradaci\u00f3n del capital natural de nuestro territorio, con grave perjuicio de la biodiversidad y la sostenibilidad\u00bb.<\/p>\n\n\n\n<p>Los concentrados, en cada caso, han hecho llegar estas reivindicaciones a los alcaldes de las respectivas poblaciones, pidi\u00e9ndoles que \u00abdefiendan los intereses de la ciudadan\u00eda y no de los especuladores. Los ayuntamientos no deben renunciar a su capacidad de ordenar el territorio y defender los valores propios. Tienen que estar siempre junto a su gente y pedir tambi\u00e9n mejorar un decreto ineficiente e insolvente, as\u00ed como presentar mociones solicitando la modificaci\u00f3n de aquellos art\u00edculos del decreto que vulneren la autonom\u00eda municipal\u00bb.<\/p>\n\n\n\n<p>Adem\u00e1s de organizar actos de protesta como este, la Coordinadora continuar\u00e1 \u00abpresentando enmiendas a la avalancha de proyectos desmesurados, inadecuados e impactantes que afectan en muchos municipios de todas las comarcas de interior valencianas. A parte, se est\u00e1 estudiando otras acciones de tipo legal y pol\u00edtico para evitar los da\u00f1os inmensos que se originar\u00e1n de seguir adelante los centenares de proyectos que, de manera provisional e incompleta afectan, al menos hasta ahora a 15,000 Has. Proyectos que pretenden instalarse siempre en Suelo No Urbanizable, cosa que tendr\u00eda que ser la excepci\u00f3n y se ha convertido en la regla y que afectan a valores que se tendr\u00edan que preservar y que ahora quedan totalmente agredidos, como por ejemplo tierras agr\u00edcolas productivas, zonas de gran valor ecol\u00f3gico y paisajes de alto inter\u00e9s y referentes culturales. Todo esto implica segar desde la base las posibilidades de desarrollo futuro por las comarcas afectadas, a mayor\u00eda de las m\u00e1s pobres y marginadas, en proceso de despoblamiento, y deficitarias de servicios y dotaciones. Una desigualdad y una injusticia hist\u00f3rica que hay que corregir y rectificar\u00bb.<\/p>\n\n\n\n<p><br>La Coordinadora cursar\u00e1 en breve \u00abpeticiones de entrevista dirigidas a las tres conseller\u00edas implicadas, Conselleria de Agricultura, Conselleria de Econom\u00eda Sostenible y Conseller\u00eda de Pol\u00edtica Territorial, pidiendo una cosa elemental: di\u00e1logo y participaci\u00f3n. Cosas que han faltado en todo el proceso, de manera contradictoria con las grandes palabras que se lleva el viento. Hasta ahora: ni participaci\u00f3n, ni transparencia ni di\u00e1logo. Solo imposici\u00f3n de una normativa mal hecha y manifiestamente muy mejorable. Por una transici\u00f3n energ\u00e9tica verdaderamente justa y sostenible. Pedimos rectificar el decreto ley 14\/2020\u00bb.<\/p>\n","protected":false},"excerpt":{"rendered":"<div class=\"mh-excerpt\">Las concentraciones, convocadas por la Coordinadora Valenciana por la Ubicaci\u00f3n Racional de las Energ\u00edas Renovables, se han llevado a cabo en diversos municipios de las tres provincias de la Comunitat, entre ellos Bu\u00f1ol, Chiva, Alzira, <a class=\"mh-excerpt-more\" href=\"https:\/\/www.tucomarca.com\/wordpress\/segunda\/concentraciones-la-hoya-la-ribera-requena-utiel-y-la-serrania-para-exigir-una-ubicacion-racional-de-las-renovables\/\" title=\"Concentraciones en La Hoya, La Ribera, Requena-Utiel y La Serran\u00eda para exigir una ubicaci\u00f3n racional de las renovables\">[+] <\/a><\/div>\n","protected":false},"author":12,"featured_media":148727,"comment_status":"open","ping_status":"open","sticky":false,"template":"","format":"standard","meta":{"footnotes":""},"categories":[69,39,38,18,155,257,16,128,70,8,10,42,59,117,142,28,27,3,12,29,45,171],"tags":[5952,10400,10262,10387,1407],"class_list":{"0":"post-148719","1":"post","2":"type-post","3":"status-publish","4":"format-standard","5":"has-post-thumbnail","7":"category-alzira","8":"category-ayora","9":"category-ayora-cofrentes","10":"category-bunol","11":"category-catadau","12":"category-chella","13":"category-chiva","14":"category-infraestructuras","15":"category-la-canal-de-navarres","16":"category-la-comarca","17":"category-la-hoya","18":"category-la-ribera","19":"category-los-serranos","20":"category-medio-ambiente-la-comarca","21":"category-politica-la-comarca","22":"category-requena","23":"category-requena-utiel","24":"category-seccion","25":"category-siete-aguas","26":"category-utiel","27":"category-ventana","28":"category-villar-del-arzobispo","29":"tag-la-hoya-de-bunol-chiva","30":"tag-los-serranos","31":"tag-renovables","32":"tag-requena-utiel","33":"tag-ribera-alta"},"_links":{"self":[{"href":"https:\/\/www.tucomarca.com\/wordpress\/segunda\/wp-json\/wp\/v2\/posts\/148719","targetHints":{"allow":["GET"]}}],"collection":[{"href":"https:\/\/www.tucomarca.com\/wordpress\/segunda\/wp-json\/wp\/v2\/posts"}],"about":[{"href":"https:\/\/www.tucomarca.com\/wordpress\/segunda\/wp-json\/wp\/v2\/types\/post"}],"author":[{"embeddable":true,"href":"https:\/\/www.tucomarca.com\/wordpress\/segunda\/wp-json\/wp\/v2\/users\/12"}],"replies":[{"embeddable":true,"href":"https:\/\/www.tucomarca.com\/wordpress\/segunda\/wp-json\/wp\/v2\/comments?post=148719"}],"version-history":[{"count":0,"href":"https:\/\/www.tucomarca.com\/wordpress\/segunda\/wp-json\/wp\/v2\/posts\/148719\/revisions"}],"wp:featuredmedia":[{"embeddable":true,"href":"https:\/\/www.tucomarca.com\/wordpress\/segunda\/wp-json\/wp\/v2\/media\/148727"}],"wp:attachment":[{"href":"https:\/\/www.tucomarca.com\/wordpress\/segunda\/wp-json\/wp\/v2\/media?parent=148719"}],"wp:term":[{"taxonomy":"category","embeddable":true,"href":"https:\/\/www.tucomarca.com\/wordpress\/segunda\/wp-json\/wp\/v2\/categories?post=148719"},{"taxonomy":"post_tag","embeddable":true,"href":"https:\/\/www.tucomarca.com\/wordpress\/segunda\/wp-json\/wp\/v2\/tags?post=148719"}],"curies":[{"name":"wp","href":"https:\/\/api.w.org\/{rel}","templated":true}]}}