{"id":14875,"date":"2013-05-31T13:15:14","date_gmt":"2013-05-31T12:15:14","guid":{"rendered":"http:\/\/www.tucomarca.com\/wordpress\/segunda\/?p=14875"},"modified":"2013-05-31T13:15:16","modified_gmt":"2013-05-31T12:15:16","slug":"enrique-ponce-apadrina-el-x-congreso-nacional-del-toro-de-cuerda-que-se-celebrara-en-chiva-a-finales-de-junio","status":"publish","type":"post","link":"https:\/\/www.tucomarca.com\/wordpress\/segunda\/enrique-ponce-apadrina-el-x-congreso-nacional-del-toro-de-cuerda-que-se-celebrara-en-chiva-a-finales-de-junio\/","title":{"rendered":"Enrique Ponce apadrina el X Congreso Nacional del Toro de Cuerda que se celebrar\u00e1 en Chiva a finales de junio"},"content":{"rendered":"<p>El diestro chivano, Enrique Ponce, apadrinar\u00e1 el X Congreso Nacional del Toro de <figure id=\"attachment_14876\" aria-describedby=\"caption-attachment-14876\" style=\"width: 205px\" class=\"wp-caption alignleft\"><a href=\"https:\/\/www.tucomarca.com\/wordpress\/segunda\/?attachment_id=14876\" rel=\"attachment wp-att-14876\"><img loading=\"lazy\" decoding=\"async\" src=\"https:\/\/www.tucomarca.com\/wordpress\/segunda\/wp-content\/uploads\/2013\/05\/Ponce-205x300.jpg\" alt=\"\" title=\"OLYMPUS DIGITAL CAMERA\" width=\"205\" height=\"300\" class=\"size-medium wp-image-14876\" srcset=\"https:\/\/www.tucomarca.com\/wordpress\/segunda\/wp-content\/uploads\/2013\/05\/Ponce-205x300.jpg 205w, https:\/\/www.tucomarca.com\/wordpress\/segunda\/wp-content\/uploads\/2013\/05\/Ponce-700x1024.jpg 700w, https:\/\/www.tucomarca.com\/wordpress\/segunda\/wp-content\/uploads\/2013\/05\/Ponce-1024x1497.jpg 1024w, https:\/\/www.tucomarca.com\/wordpress\/segunda\/wp-content\/uploads\/2013\/05\/Ponce.jpg 1181w\" sizes=\"auto, (max-width: 205px) 100vw, 205px\" \/><\/a><figcaption id=\"caption-attachment-14876\" class=\"wp-caption-text\">Enrique Ponce con el cartel anunciador. tc.c<\/figcaption><\/figure>Cuerda que acoger\u00e1 su localidad natal los pr\u00f3ximos d\u00edas 28, 29 y 30 de junio.<br \/>\nPonce ha querido sumarse a este importante evento taurino y mostrar su apoyo a la celebraci\u00f3n de este congreso que vuelve a Chiva 10 a\u00f1os despu\u00e9s, una fecha simb\u00f3lica que hace a\u00fan m\u00e1s especial este acontecimiento para el pueblo.<br \/>\nEl congreso se inaugurar\u00e1 el viernes 28 de junio a las 19,30h con un pasacalle con las autoridades y componentes de las asociaciones participantes en el Congreso, desde el puente nuevo hasta el Teatro Astoria.<br \/>\nUna vez en el Teatro, intervendr\u00e1n el Alcalde, Jos\u00e9 Manuel Haro; Daniel Gracia, el presidente de la Asociaci\u00f3n Pe\u00f1a Taurina \u201cEl Torico\u201d y secretario del Congreso; y el diestro Enrique Ponce Mart\u00ednez, padrino del evento.<br \/>\nLa m\u00fasica ser\u00e1 protagonista en este acto donde se interpretar\u00e1n los pasodobles \u201cTorico de la Cuerda\u201d compuestos por los m\u00fasicos chivanos Domingo Vela y Luis Serrano Alarc\u00f3n.<br \/>\nPosteriormente, se inaugurar\u00e1n, en el Teatro Astoria, la exposici\u00f3n de los carteles de los diez congresos realizados y la exposici\u00f3n filat\u00e9lica de motivos taurinos; en la Sala de Exposiciones de la Casa de la Cultura, las pinturas taurinas de Mar\u00eda del Carmen Silla y en el Museo del Toro de Cuerda, la muestra del Torico de Chiva.<br \/>\nLa jornada finalizar\u00e1 a las 24,00 horas con una discom\u00f3vil en la Plaza del Ayuntamiento, con DJ,s de Chiva que han querido colaborar con la cita.<\/p>\n","protected":false},"excerpt":{"rendered":"<div class=\"mh-excerpt\">El diestro chivano, Enrique Ponce, apadrinar\u00e1 el X Congreso Nacional del Toro de Cuerda que acoger\u00e1 su localidad natal los pr\u00f3ximos d\u00edas 28, 29 y 30 de junio. Ponce ha querido sumarse a este importante <a class=\"mh-excerpt-more\" href=\"https:\/\/www.tucomarca.com\/wordpress\/segunda\/enrique-ponce-apadrina-el-x-congreso-nacional-del-toro-de-cuerda-que-se-celebrara-en-chiva-a-finales-de-junio\/\" title=\"Enrique Ponce apadrina el X Congreso Nacional del Toro de Cuerda que se celebrar\u00e1 en Chiva a finales de junio\">[+] <\/a><\/div>\n","protected":false},"author":2,"featured_media":14876,"comment_status":"open","ping_status":"open","sticky":false,"template":"","format":"standard","meta":{"footnotes":""},"categories":[16,8,10,3],"tags":[1069,10384,380,1070],"class_list":{"0":"post-14875","1":"post","2":"type-post","3":"status-publish","4":"format-standard","5":"has-post-thumbnail","7":"category-chiva","8":"category-la-comarca","9":"category-la-hoya","10":"category-seccion","11":"tag-apadrina","12":"tag-chiva","13":"tag-ponce","14":"tag-x-congreso-toro-cuerda"},"_links":{"self":[{"href":"https:\/\/www.tucomarca.com\/wordpress\/segunda\/wp-json\/wp\/v2\/posts\/14875","targetHints":{"allow":["GET"]}}],"collection":[{"href":"https:\/\/www.tucomarca.com\/wordpress\/segunda\/wp-json\/wp\/v2\/posts"}],"about":[{"href":"https:\/\/www.tucomarca.com\/wordpress\/segunda\/wp-json\/wp\/v2\/types\/post"}],"author":[{"embeddable":true,"href":"https:\/\/www.tucomarca.com\/wordpress\/segunda\/wp-json\/wp\/v2\/users\/2"}],"replies":[{"embeddable":true,"href":"https:\/\/www.tucomarca.com\/wordpress\/segunda\/wp-json\/wp\/v2\/comments?post=14875"}],"version-history":[{"count":0,"href":"https:\/\/www.tucomarca.com\/wordpress\/segunda\/wp-json\/wp\/v2\/posts\/14875\/revisions"}],"wp:featuredmedia":[{"embeddable":true,"href":"https:\/\/www.tucomarca.com\/wordpress\/segunda\/wp-json\/wp\/v2\/media\/14876"}],"wp:attachment":[{"href":"https:\/\/www.tucomarca.com\/wordpress\/segunda\/wp-json\/wp\/v2\/media?parent=14875"}],"wp:term":[{"taxonomy":"category","embeddable":true,"href":"https:\/\/www.tucomarca.com\/wordpress\/segunda\/wp-json\/wp\/v2\/categories?post=14875"},{"taxonomy":"post_tag","embeddable":true,"href":"https:\/\/www.tucomarca.com\/wordpress\/segunda\/wp-json\/wp\/v2\/tags?post=14875"}],"curies":[{"name":"wp","href":"https:\/\/api.w.org\/{rel}","templated":true}]}}