{"id":148896,"date":"2022-02-09T17:30:00","date_gmt":"2022-02-09T16:30:00","guid":{"rendered":"http:\/\/www.tucomarca.com\/wordpress\/segunda\/?p=148896"},"modified":"2022-02-09T19:04:19","modified_gmt":"2022-02-09T18:04:19","slug":"sanidad-notifica-9-934-nuevos-casos-de-coronavirus-47-fallecidos-y-22-341-altas-en-la-comunitat-valenciana","status":"publish","type":"post","link":"https:\/\/www.tucomarca.com\/wordpress\/segunda\/sanidad-notifica-9-934-nuevos-casos-de-coronavirus-47-fallecidos-y-22-341-altas-en-la-comunitat-valenciana\/","title":{"rendered":"Sanidad notifica 9.934 nuevos casos de coronavirus, 47 fallecidos y 22.341 altas en la Comunitat Valenciana"},"content":{"rendered":"\n<p><strong>Por provincias, se han registrado 925 nuevos positivos en Castell\u00f3n, 3.273 en Alicante y 5.736 en Valencia<\/strong><\/p>\n\n\n\n<p><strong>Los hospitales valencianos tienen a 1.581 personas ingresadas con COVID-19, 144 de ellas en la UCI<\/strong><\/p>\n\n\n\n<p>La Conselleria de Sanidad Universal y Salud P\u00fablica ha notificado un total de 9.934 nuevos casos de coronavirus confirmados por prueba PCR o a trav\u00e9s de test de ant\u00edgenos. Con esta actualizaci\u00f3n, la cifra total de positivos se sit\u00faa en 1.217.057 personas. Los nuevos casos por provincias son 925 en Castell\u00f3n (149.773 en total), 3.273 en Alicante (429.451) y 5.736 en Valencia (637.828). La cifra de casos no asignados se mantiene en 5.&nbsp;<\/p>\n\n\n\n<p>Por otro lado, el n\u00famero de personas que han superado la enfermedad desde que comenz\u00f3 la pandemia en la Comunitat Valenciana asciende a 1.095.658 personas. Por provincias, las altas se distribuyen as\u00ed: 133.881 en Castell\u00f3n, 390.157 en Alicante y 571.560 en Valencia. El total de altas no asignadas se mantiene en 60.<\/p>\n\n\n\n<p>Los hospitales valencianos tienen, actualmente, a 1.581 personas ingresadas con COVID-19, 144 de ellas en la UCI: 221 en la provincia de Castell\u00f3n, 16 en UCI; 508 en la provincia de Alicante, 49 de ellas en la UCI; y 852 en la provincia de Valencia, 79 en UCI.&nbsp;<\/p>\n\n\n\n<p>Se han notificado 47 fallecimientos por coronavirus desde la \u00faltima actualizaci\u00f3n, todos son decesos de la \u00faltima semana salvo dos, de la \u00faltima semana de enero. Se trata de 23 mujeres de entre 52 y 107 a\u00f1os; y 24 hombres, de entre 56 y 94 a\u00f1os. El total de decesos desde el inicio de la pandemia asciende a 8.770: 1.001 en la provincia de Castell\u00f3n, 3.364 en la de Alicante y 4.405 en la de Valencia.&nbsp;<\/p>\n\n\n\n<p>De acuerdo con los datos registrados, en estos momentos hay 124.070 casos activos, lo que supone un 10,10 % del total de positivos.<\/p>\n","protected":false},"excerpt":{"rendered":"<div class=\"mh-excerpt\">Por provincias, se han registrado 925 nuevos positivos en Castell\u00f3n, 3.273 en Alicante y 5.736 en Valencia Los hospitales valencianos tienen a 1.581 personas ingresadas con COVID-19, 144 de ellas en la UCI La Conselleria <a class=\"mh-excerpt-more\" href=\"https:\/\/www.tucomarca.com\/wordpress\/segunda\/sanidad-notifica-9-934-nuevos-casos-de-coronavirus-47-fallecidos-y-22-341-altas-en-la-comunitat-valenciana\/\" title=\"Sanidad notifica 9.934 nuevos casos de coronavirus, 47 fallecidos y 22.341 altas en la Comunitat Valenciana\">[+] <\/a><\/div>\n","protected":false},"author":1,"featured_media":148065,"comment_status":"open","ping_status":"open","sticky":false,"template":"","format":"standard","meta":{"footnotes":""},"categories":[119,12201,128,8,72,117,142,3,116,45],"tags":[11937,11938,2142,16214,1973,2105],"class_list":{"0":"post-148896","1":"post","2":"type-post","3":"status-publish","4":"format-standard","5":"has-post-thumbnail","7":"category-sanidad-la-comarca","8":"category-covid-19","9":"category-infraestructuras","10":"category-la-comarca","11":"category-sin-categorizar","12":"category-medio-ambiente-la-comarca","13":"category-politica-la-comarca","14":"category-seccion","15":"category-sucesos-la-comarca","16":"category-ventana","17":"tag-coronavirus","18":"tag-covid-19","19":"tag-la-comunitat","20":"tag-sexta-ola","21":"tag-vacunacion","22":"tag-vacunas"},"_links":{"self":[{"href":"https:\/\/www.tucomarca.com\/wordpress\/segunda\/wp-json\/wp\/v2\/posts\/148896","targetHints":{"allow":["GET"]}}],"collection":[{"href":"https:\/\/www.tucomarca.com\/wordpress\/segunda\/wp-json\/wp\/v2\/posts"}],"about":[{"href":"https:\/\/www.tucomarca.com\/wordpress\/segunda\/wp-json\/wp\/v2\/types\/post"}],"author":[{"embeddable":true,"href":"https:\/\/www.tucomarca.com\/wordpress\/segunda\/wp-json\/wp\/v2\/users\/1"}],"replies":[{"embeddable":true,"href":"https:\/\/www.tucomarca.com\/wordpress\/segunda\/wp-json\/wp\/v2\/comments?post=148896"}],"version-history":[{"count":0,"href":"https:\/\/www.tucomarca.com\/wordpress\/segunda\/wp-json\/wp\/v2\/posts\/148896\/revisions"}],"wp:featuredmedia":[{"embeddable":true,"href":"https:\/\/www.tucomarca.com\/wordpress\/segunda\/wp-json\/wp\/v2\/media\/148065"}],"wp:attachment":[{"href":"https:\/\/www.tucomarca.com\/wordpress\/segunda\/wp-json\/wp\/v2\/media?parent=148896"}],"wp:term":[{"taxonomy":"category","embeddable":true,"href":"https:\/\/www.tucomarca.com\/wordpress\/segunda\/wp-json\/wp\/v2\/categories?post=148896"},{"taxonomy":"post_tag","embeddable":true,"href":"https:\/\/www.tucomarca.com\/wordpress\/segunda\/wp-json\/wp\/v2\/tags?post=148896"}],"curies":[{"name":"wp","href":"https:\/\/api.w.org\/{rel}","templated":true}]}}