{"id":148900,"date":"2022-02-10T09:09:00","date_gmt":"2022-02-10T08:09:00","guid":{"rendered":"http:\/\/www.tucomarca.com\/wordpress\/segunda\/?p=148900"},"modified":"2022-02-10T12:39:38","modified_gmt":"2022-02-10T11:39:38","slug":"riba-roja-rebaja-un-242-el-ibi-urbano-que-grava-las-viviendas-en-los-ultimos-siete-anos-y-se-situa-entre-los-mas-bajos-del-camp-de-turia","status":"publish","type":"post","link":"https:\/\/www.tucomarca.com\/wordpress\/segunda\/riba-roja-rebaja-un-242-el-ibi-urbano-que-grava-las-viviendas-en-los-ultimos-siete-anos-y-se-situa-entre-los-mas-bajos-del-camp-de-turia\/","title":{"rendered":"Riba-roja rebaja un 24\u20192% el IBI urbano que grava las viviendas en los \u00faltimos siete a\u00f1os y se sit\u00faa entre los m\u00e1s bajos del Camp de T\u00faria"},"content":{"rendered":"\n<p><strong>El coeficiente pasa del 0\u201962 del a\u00f1o 2015 al 0\u201947 del ejercicio de 2021<\/strong><\/p>\n\n\n\n<p>El Ayuntamiento de Riba-roja de T\u00faria ha reducido en un 24\u20192% el impuesto de bienes inmuebles (IBI) urbano en los \u00faltimos siete a\u00f1os al pasar de un tipo impositivo del 0\u201962 en el a\u00f1o 2015 al 0\u201947 en el a\u00f1o 2021. Se trata del mayor descenso de este impuesto directo en las dos \u00faltimas d\u00e9cadas y que lo sit\u00faan entre uno de los m\u00e1s reducidos en la comarca de Camp de T\u00faria.&nbsp;<\/p>\n\n\n\n<p>Este impuesto lleg\u00f3 a alcanzar en los \u00faltimos tres lustros hasta un coeficiente del 0\u20198 en el a\u00f1o 2008, cuando el entonces equipo de gobierno decidi\u00f3 un aumento del 60% al pasar de los 0\u20195 del ejercicio presupuestario del a\u00f1o 2007 a los referidos 0\u20198. Un a\u00f1o m\u00e1s tarde este coeficiente se rebaj\u00f3 en un 15% al pasar a los 0\u201968, si bien el siguiente ejercicio 2013 se volvi\u00f3 a incrementar hasta los 0\u2019748, es decir, un aumento del 10%.&nbsp;<\/p>\n\n\n\n<p>El impuesto de bienes inmuebles urbano se calcula cada a\u00f1o a partir del valor catastral que marca la Direcci\u00f3n General del Catastro, dependiente del Ministerio de Hacienda, multiplicado por el coeficiente impositivo que decide el Ayuntamiento de Riba-roja de T\u00faria. Con estas dos variables se fija la cuant\u00eda que pagar\u00e1, posteriormente, cada contribuyente por su vivienda.&nbsp;<\/p>\n\n\n\n<p>Con el actual coeficiente del 0\u201947, Riba-roja se coloca entre los municipios con el impuesto de bienes inmueble (IBI) m\u00e1s bajo de la Comarca de Camp de T\u00faria, especialmente, respecto de las localidades de m\u00e1s de 20.000 habitantes, como el caso de Ll\u00edria con un 0\u20197 o B\u00e9tera con otros 0\u201958, adem\u00e1s tambi\u00e9n m\u00e1s bajo que el resto de los municipios del resto de la comarca.&nbsp;<\/p>\n\n\n\n<p>Esta reducci\u00f3n en el IBI urbano se complementa con la disminuci\u00f3n del IBI r\u00fastico en Riba-roja de T\u00faria hasta en un 5% a partir de este a\u00f1o con el objetivo de paliar los efectos adversos derivados de la pasada Depresi\u00f3n Aislada en Niveles Altos (DANA) que ocurri\u00f3 en el pasado mes de septiembre sobre los campos y cosechas de los agricultores de la localidad. &nbsp;<\/p>\n\n\n\n<p>El alcalde de Riba-roja de T\u00faria, Robert Raga, ha destacado \u201cla rebaja fiscal\u201d realizada durante los \u00faltimos a\u00f1os en la localidad \u201ccomo f\u00f3rmula para dinamizar la econom\u00eda de las familias y estimular el consumo entre el tejido comercial e industrial de la localidad, sin que ello haya supuesto, en modo alguno, una disminuci\u00f3n en la calidad de los servicios p\u00fablicos municipales, hasta el punto que se han aumentado y mejorado\u201d.&nbsp;<\/p>\n","protected":false},"excerpt":{"rendered":"<div class=\"mh-excerpt\">El coeficiente pasa del 0\u201962 del a\u00f1o 2015 al 0\u201947 del ejercicio de 2021 El Ayuntamiento de Riba-roja de T\u00faria ha reducido en un 24\u20192% el impuesto de bienes inmuebles (IBI) urbano en los \u00faltimos <a class=\"mh-excerpt-more\" href=\"https:\/\/www.tucomarca.com\/wordpress\/segunda\/riba-roja-rebaja-un-242-el-ibi-urbano-que-grava-las-viviendas-en-los-ultimos-siete-anos-y-se-situa-entre-los-mas-bajos-del-camp-de-turia\/\" title=\"Riba-roja rebaja un 24\u20192% el IBI urbano que grava las viviendas en los \u00faltimos siete a\u00f1os y se sit\u00faa entre los m\u00e1s bajos del Camp de T\u00faria\">[+] <\/a><\/div>\n","protected":false},"author":1,"featured_media":133166,"comment_status":"open","ping_status":"open","sticky":false,"template":"","format":"standard","meta":{"footnotes":""},"categories":[46,128,8,142,182,3],"tags":[15296,8900],"class_list":{"0":"post-148900","1":"post","2":"type-post","3":"status-publish","4":"format-standard","5":"has-post-thumbnail","7":"category-camp-de-turia","8":"category-infraestructuras","9":"category-la-comarca","10":"category-politica-la-comarca","11":"category-riba-roja","12":"category-seccion","13":"tag-camp-de-turia-2","14":"tag-riba-roja-del-turia"},"_links":{"self":[{"href":"https:\/\/www.tucomarca.com\/wordpress\/segunda\/wp-json\/wp\/v2\/posts\/148900","targetHints":{"allow":["GET"]}}],"collection":[{"href":"https:\/\/www.tucomarca.com\/wordpress\/segunda\/wp-json\/wp\/v2\/posts"}],"about":[{"href":"https:\/\/www.tucomarca.com\/wordpress\/segunda\/wp-json\/wp\/v2\/types\/post"}],"author":[{"embeddable":true,"href":"https:\/\/www.tucomarca.com\/wordpress\/segunda\/wp-json\/wp\/v2\/users\/1"}],"replies":[{"embeddable":true,"href":"https:\/\/www.tucomarca.com\/wordpress\/segunda\/wp-json\/wp\/v2\/comments?post=148900"}],"version-history":[{"count":0,"href":"https:\/\/www.tucomarca.com\/wordpress\/segunda\/wp-json\/wp\/v2\/posts\/148900\/revisions"}],"wp:featuredmedia":[{"embeddable":true,"href":"https:\/\/www.tucomarca.com\/wordpress\/segunda\/wp-json\/wp\/v2\/media\/133166"}],"wp:attachment":[{"href":"https:\/\/www.tucomarca.com\/wordpress\/segunda\/wp-json\/wp\/v2\/media?parent=148900"}],"wp:term":[{"taxonomy":"category","embeddable":true,"href":"https:\/\/www.tucomarca.com\/wordpress\/segunda\/wp-json\/wp\/v2\/categories?post=148900"},{"taxonomy":"post_tag","embeddable":true,"href":"https:\/\/www.tucomarca.com\/wordpress\/segunda\/wp-json\/wp\/v2\/tags?post=148900"}],"curies":[{"name":"wp","href":"https:\/\/api.w.org\/{rel}","templated":true}]}}