{"id":148996,"date":"2022-02-10T10:54:00","date_gmt":"2022-02-10T09:54:00","guid":{"rendered":"http:\/\/www.tucomarca.com\/wordpress\/segunda\/?p=148996"},"modified":"2022-02-10T20:58:38","modified_gmt":"2022-02-10T19:58:38","slug":"opinion-a-bocajarro-por-joseh-larrazabal-6","status":"publish","type":"post","link":"https:\/\/www.tucomarca.com\/wordpress\/segunda\/opinion-a-bocajarro-por-joseh-larrazabal-6\/","title":{"rendered":"Opini\u00f3n: \u00abA bocajarro\u00bb, por J\u00f3seh Larraz\u00e1bal"},"content":{"rendered":"\n<figure class=\"wp-block-image size-large is-resized\"><img loading=\"lazy\" decoding=\"async\" src=\"https:\/\/www.tucomarca.com\/wordpress\/segunda\/wp-content\/uploads\/2021\/07\/JoseLarrazabal-1024x1024.jpg\" alt=\"\" class=\"wp-image-136627\" width=\"158\" height=\"158\" srcset=\"https:\/\/www.tucomarca.com\/wordpress\/segunda\/wp-content\/uploads\/2021\/07\/JoseLarrazabal-1024x1024.jpg 1024w, https:\/\/www.tucomarca.com\/wordpress\/segunda\/wp-content\/uploads\/2021\/07\/JoseLarrazabal-300x300.jpg 300w, https:\/\/www.tucomarca.com\/wordpress\/segunda\/wp-content\/uploads\/2021\/07\/JoseLarrazabal-290x290.jpg 290w, https:\/\/www.tucomarca.com\/wordpress\/segunda\/wp-content\/uploads\/2021\/07\/JoseLarrazabal-768x768.jpg 768w, https:\/\/www.tucomarca.com\/wordpress\/segunda\/wp-content\/uploads\/2021\/07\/JoseLarrazabal.jpg 1086w\" sizes=\"auto, (max-width: 158px) 100vw, 158px\" \/><\/figure>\n\n\n\n<p>Cuando se pierde la raz\u00f3n de ser, el respeto, la educaci\u00f3n y la capacidad para debatir, lo mejor es arrojar la toalla.<br>La otra noche se me ocurri\u00f3 poner en Twitter mi opini\u00f3n sobre la situaci\u00f3n del Valencia CF.<br>Y no es otra que: no entiendo c\u00f3mo aquellos que cantan \u00abPeter Vete ya\u00bb son los mismos que acuden a Mestalla a animar a aquellos jugadores que, Lim, alquila a coste cero (que no compra) o trae cedidos de otros clubs donde no juegan.<br>En fin, dada la proximidad de un partido ante el Atlhetic de Bilbao, de Copa del Rey, expuse mi opini\u00f3n sobre el tema:<br>\u00abA m\u00ed la Copa me importa un carajo. Lo \u00fanico importante es echar a Lim y para eso nada mejor que dejar de ir a MESTALLA. Ir al campo a cantar Peter Vete ya, no sirve para nada, eso a \u00e9l le da igual.\u00bb<br>Me contestaron cuatro energ\u00famenos que me llamaron hijo de puta, perro, y me menospreciaron gravemente<br>Me dispuse a denunciarlos pero finalmente opt\u00e9 por salirme de Twitter.<br>Llevo mucho tiempo luchando contra Lim, la prensa, y una afici\u00f3n que se contradice en sus acciones a pesar de que te\u00f3ricamente est\u00e1n contra Lim.<br>Lo sucedido la otra noche y el atentado contra mi dignidad y mi persona ha sido lo que me faltaba para arrojar la toalla.<br>Si no me bastaba con la sordera de muchos ante mis propuestas en contra de Lim, no hay otro camino, me faltaban 4 energ\u00famenos sin respeto ni educaci\u00f3n atentando contra mi dignidad y mi derecho a opinar sea cual sea el contenido de mi opini\u00f3n (siempre con respeto).<br>Lo dejo, hasta aqu\u00ed hemos llegado. No quiero saber nada del vcf ni de su entorno ni de una gran parte de sus aficionados, muchos de ellos con antecedentes.<br>No seguir\u00e9 en una lucha que no tiene raz\u00f3n de ser porque el adversario no tiene principios, ni moral, ni educaci\u00f3n.<br>Llevo mucho tiempo, a\u00f1os, luchando contra esta gesti\u00f3n deleznable de Merit\u00f3n y cansado ya de que muchos me den la raz\u00f3n, s\u00ed, pero con eso me quedo, solo me faltaba caer en manos de unos energ\u00famenos sin moral ni respeto.<br>Nos podremos seguir oyendo en radio Bu\u00f1ol en donde hablaremos de deporte, pero de deporte sano y con personas educadas y respetuosas.<br>Lo dem\u00e1s no vale la pena.<br>Gracias a todos los que me apoyan. En momentos como estos se ven la adhesi\u00f3n y el cari\u00f1o de los<br>amigos que te aprecian.<br>Por siempre.<\/p>\n","protected":false},"excerpt":{"rendered":"<div class=\"mh-excerpt\">Cuando se pierde la raz\u00f3n de ser, el respeto, la educaci\u00f3n y la capacidad para debatir, lo mejor es arrojar la toalla.La otra noche se me ocurri\u00f3 poner en Twitter mi opini\u00f3n sobre la situaci\u00f3n <a class=\"mh-excerpt-more\" href=\"https:\/\/www.tucomarca.com\/wordpress\/segunda\/opinion-a-bocajarro-por-joseh-larrazabal-6\/\" title=\"Opini\u00f3n: \u00abA bocajarro\u00bb, por J\u00f3seh Larraz\u00e1bal\">[+] <\/a><\/div>\n","protected":false},"author":1,"featured_media":136627,"comment_status":"open","ping_status":"open","sticky":false,"template":"","format":"standard","meta":{"footnotes":""},"categories":[18,50,3358,6,8,10,3],"tags":[10379,44,5952,1810],"class_list":{"0":"post-148996","1":"post","2":"type-post","3":"status-publish","4":"format-standard","5":"has-post-thumbnail","7":"category-bunol","8":"category-futbol-deportes","9":"category-canal-valencia-cf","10":"category-deportes","11":"category-la-comarca","12":"category-la-hoya","13":"category-seccion","14":"tag-deportes","15":"tag-futbol","16":"tag-la-hoya-de-bunol-chiva","17":"tag-valencia-cf"},"_links":{"self":[{"href":"https:\/\/www.tucomarca.com\/wordpress\/segunda\/wp-json\/wp\/v2\/posts\/148996","targetHints":{"allow":["GET"]}}],"collection":[{"href":"https:\/\/www.tucomarca.com\/wordpress\/segunda\/wp-json\/wp\/v2\/posts"}],"about":[{"href":"https:\/\/www.tucomarca.com\/wordpress\/segunda\/wp-json\/wp\/v2\/types\/post"}],"author":[{"embeddable":true,"href":"https:\/\/www.tucomarca.com\/wordpress\/segunda\/wp-json\/wp\/v2\/users\/1"}],"replies":[{"embeddable":true,"href":"https:\/\/www.tucomarca.com\/wordpress\/segunda\/wp-json\/wp\/v2\/comments?post=148996"}],"version-history":[{"count":0,"href":"https:\/\/www.tucomarca.com\/wordpress\/segunda\/wp-json\/wp\/v2\/posts\/148996\/revisions"}],"wp:featuredmedia":[{"embeddable":true,"href":"https:\/\/www.tucomarca.com\/wordpress\/segunda\/wp-json\/wp\/v2\/media\/136627"}],"wp:attachment":[{"href":"https:\/\/www.tucomarca.com\/wordpress\/segunda\/wp-json\/wp\/v2\/media?parent=148996"}],"wp:term":[{"taxonomy":"category","embeddable":true,"href":"https:\/\/www.tucomarca.com\/wordpress\/segunda\/wp-json\/wp\/v2\/categories?post=148996"},{"taxonomy":"post_tag","embeddable":true,"href":"https:\/\/www.tucomarca.com\/wordpress\/segunda\/wp-json\/wp\/v2\/tags?post=148996"}],"curies":[{"name":"wp","href":"https:\/\/api.w.org\/{rel}","templated":true}]}}