{"id":149003,"date":"2022-02-11T10:00:00","date_gmt":"2022-02-11T09:00:00","guid":{"rendered":"http:\/\/www.tucomarca.com\/wordpress\/segunda\/?p=149003"},"modified":"2022-02-11T20:07:57","modified_gmt":"2022-02-11T19:07:57","slug":"la-guardia-civil-detiene-a-una-persona-que-atracaba-gasolineras-a-punta-de-cuchillo-en-la-eliana","status":"publish","type":"post","link":"https:\/\/www.tucomarca.com\/wordpress\/segunda\/la-guardia-civil-detiene-a-una-persona-que-atracaba-gasolineras-a-punta-de-cuchillo-en-la-eliana\/","title":{"rendered":"La Guardia Civil detiene a una persona que atracaba gasolineras a punta de cuchillo en L&#8217;Eliana"},"content":{"rendered":"\n<h4 class=\"wp-block-heading\"><strong>El autor iba ataviado con una capucha, mascarilla quir\u00fargica, gafas de Sol y armado con un cuchillo de cocina de grandes dimensiones<\/strong><\/h4>\n\n\n\n<h4 class=\"wp-block-heading\"><strong>El autor exig\u00eda el efectivo de la caja registradora y abandonaba la estaci\u00f3n de servicio con dinero y productos de la tienda<\/strong><\/h4>\n\n\n\n<h4 class=\"wp-block-heading\"><strong>La Guardia Civil, dentro de la misma investigaci\u00f3n, logr\u00f3 descubrir que, a la vez, el autor estaba cometiendo un delito de quebrantamiento de condena como consecuencia de un delito de violencia de g\u00e9nero<\/strong><\/h4>\n\n\n\n<h4 class=\"wp-block-heading\"><strong>El Juzgado de Primera Instancia e Instrucci\u00f3n N\u00famero 2 de Liria ha decretado el ingreso en prisi\u00f3n del autor de los hechos<\/strong><\/h4>\n\n\n\n<p>La Guardia Civil de La Pobla de Vallbona, en el marco de la operaci\u00f3n \u201cPETROLKNIFE\u201d, ha detenido a un hombre de 49 de a\u00f1os, de nacionalidad espa\u00f1ola, por 3 delitos de robo con violencia e intimidaci\u00f3n y otro de quebrantamiento de condena en La Eliana.&nbsp;<\/p>\n\n\n\n<p>La operaci\u00f3n se inici\u00f3 el pasado 28 de enero, el mismo d\u00eda que tuvo lugar un robo en una gasolinera de La Eliana. Un individuo ataviado con una capucha, mascarilla quir\u00fargica, gafas de Sol y armado con un cuchillo de cocina de grandes dimensiones, entr\u00f3 en una gasolinera de la localidad rese\u00f1ada y amenaz\u00f3 al dependiente. El autor exigi\u00f3 el efectivo de la caja registradora y abandon\u00f3 la estaci\u00f3n de servicio con el dinero y productos de la tienda.<\/p>\n\n\n\n<p>Al d\u00eda siguiente sucedi\u00f3 un nuevo robo en otra gasolinera del mismo municipio. En esta ocasi\u00f3n, el autor del delito ocultaba su rostro de la misma forma (capucha, mascarilla quir\u00fargica y gafas de Sol) y su modus operandi fue id\u00e9ntico al del atracador del d\u00eda anterior.&nbsp; &nbsp; &nbsp;<\/p>\n\n\n\n<p>Fruto de las investigaciones, los agentes lograron descubrir que el veh\u00edculo que el autor utilizaba para la huida tras cometer los robos pertenec\u00eda a su expareja, con quien ten\u00eda una orden en vigor de alejamiento y comunicaci\u00f3n como consecuencia de un delito de violencia de g\u00e9nero.<\/p>\n\n\n\n<p>Adem\u00e1s, los investigadores, por modus operandi, consiguieron vincular al autor de estos delitos con un tercer robo en una gasolinera de La Eliana en agosto del pasado a\u00f1o.&nbsp;<\/p>\n\n\n\n<p>Finalmente, el 31 de enero la Guardia Civil de La Pobla de Vallbona procedi\u00f3 a la detenci\u00f3n, en el municipio de Ribarroja del Turia, de un hombre de 49 de a\u00f1os, de nacionalidad espa\u00f1ola, por 3 delitos de robo con violencia e intimidaci\u00f3n y otro de quebrantamiento de condena en La Eliana.<\/p>\n\n\n\n<p>Adem\u00e1s, el 1 de febrero los agentes, junto con la comitiva judicial, realizaron dos registros domiciliarios tanto en la residencia de la madre del detenido como en la de su expareja, ambas ubicadas en el municipio de Riba-roja del Turia. A continuaci\u00f3n, los investigadores tambi\u00e9n efectuaron un registro en el veh\u00edculo utilizado en los delitos, hallando, en el conjunto de los registros, el cuchillo de cocina y la vestimenta utilizada en los robos.<\/p>\n\n\n\n<p>Las diligencias han sido entregadas en el Juzgado de Primera Instancia e Instrucci\u00f3n N\u00famero 2 de Liria y se ha decretado el ingreso en prisi\u00f3n del detenido.<\/p>\n","protected":false},"excerpt":{"rendered":"<div class=\"mh-excerpt\">El autor iba ataviado con una capucha, mascarilla quir\u00fargica, gafas de Sol y armado con un cuchillo de cocina de grandes dimensiones El autor exig\u00eda el efectivo de la caja registradora y abandonaba la estaci\u00f3n <a class=\"mh-excerpt-more\" href=\"https:\/\/www.tucomarca.com\/wordpress\/segunda\/la-guardia-civil-detiene-a-una-persona-que-atracaba-gasolineras-a-punta-de-cuchillo-en-la-eliana\/\" title=\"La Guardia Civil detiene a una persona que atracaba gasolineras a punta de cuchillo en L&#8217;Eliana\">[+] <\/a><\/div>\n","protected":false},"author":1,"featured_media":149004,"comment_status":"open","ping_status":"open","sticky":false,"template":"","format":"standard","meta":{"footnotes":""},"categories":[46,128,8,72,174,3,116,45],"tags":[10395,1098,10433,392,1335,10396],"class_list":{"0":"post-149003","1":"post","2":"type-post","3":"status-publish","4":"format-standard","5":"has-post-thumbnail","7":"category-camp-de-turia","8":"category-infraestructuras","9":"category-la-comarca","10":"category-sin-categorizar","11":"category-la-pobla","12":"category-seccion","13":"category-sucesos-la-comarca","14":"category-ventana","15":"tag-camp-de-turia","16":"tag-guardia-civil","17":"tag-leliana","18":"tag-la-eliana","19":"tag-la-pobla-de-vallbona","20":"tag-lliria"},"_links":{"self":[{"href":"https:\/\/www.tucomarca.com\/wordpress\/segunda\/wp-json\/wp\/v2\/posts\/149003","targetHints":{"allow":["GET"]}}],"collection":[{"href":"https:\/\/www.tucomarca.com\/wordpress\/segunda\/wp-json\/wp\/v2\/posts"}],"about":[{"href":"https:\/\/www.tucomarca.com\/wordpress\/segunda\/wp-json\/wp\/v2\/types\/post"}],"author":[{"embeddable":true,"href":"https:\/\/www.tucomarca.com\/wordpress\/segunda\/wp-json\/wp\/v2\/users\/1"}],"replies":[{"embeddable":true,"href":"https:\/\/www.tucomarca.com\/wordpress\/segunda\/wp-json\/wp\/v2\/comments?post=149003"}],"version-history":[{"count":0,"href":"https:\/\/www.tucomarca.com\/wordpress\/segunda\/wp-json\/wp\/v2\/posts\/149003\/revisions"}],"wp:featuredmedia":[{"embeddable":true,"href":"https:\/\/www.tucomarca.com\/wordpress\/segunda\/wp-json\/wp\/v2\/media\/149004"}],"wp:attachment":[{"href":"https:\/\/www.tucomarca.com\/wordpress\/segunda\/wp-json\/wp\/v2\/media?parent=149003"}],"wp:term":[{"taxonomy":"category","embeddable":true,"href":"https:\/\/www.tucomarca.com\/wordpress\/segunda\/wp-json\/wp\/v2\/categories?post=149003"},{"taxonomy":"post_tag","embeddable":true,"href":"https:\/\/www.tucomarca.com\/wordpress\/segunda\/wp-json\/wp\/v2\/tags?post=149003"}],"curies":[{"name":"wp","href":"https:\/\/api.w.org\/{rel}","templated":true}]}}