{"id":149048,"date":"2022-02-11T20:05:00","date_gmt":"2022-02-11T19:05:00","guid":{"rendered":"http:\/\/www.tucomarca.com\/wordpress\/segunda\/?p=149048"},"modified":"2022-02-11T22:07:18","modified_gmt":"2022-02-11T21:07:18","slug":"video-un-incendio-con-explosion-en-naquera-destruye-parte-de-una-nave-industrial","status":"publish","type":"post","link":"https:\/\/www.tucomarca.com\/wordpress\/segunda\/video-un-incendio-con-explosion-en-naquera-destruye-parte-de-una-nave-industrial\/","title":{"rendered":"V\u00eddeo: un incendio con explosi\u00f3n en N\u00e1quera destruye parte de una nave industrial"},"content":{"rendered":"\n<figure class=\"wp-block-embed is-type-video is-provider-youtube wp-block-embed-youtube wp-embed-aspect-16-9 wp-has-aspect-ratio\"><div class=\"wp-block-embed__wrapper\">\n<iframe loading=\"lazy\" title=\"V\u00eddeo: Un incendi amb explosi\u00f3 a N\u00e0quera destrueix part d\u2019una nau industrial\" width=\"500\" height=\"281\" src=\"https:\/\/www.youtube.com\/embed\/pHZNDqY8coE?feature=oembed\" frameborder=\"0\" allow=\"accelerometer; autoplay; clipboard-write; encrypted-media; gyroscope; picture-in-picture; web-share\" referrerpolicy=\"strict-origin-when-cross-origin\" allowfullscreen><\/iframe>\n<\/div><\/figure>\n\n\n\n<p>El Consorcio Provincial de Bomberos de Val\u00e8ncia est\u00e1 actuando desde cerca de las 15.30 horas de esta tarde en un incendio industrial en N\u00e1quera, en el que se han registrado varias explosiones. Hasta all\u00ed ha desplazado cinco dotaciones de bomberos del Consorcio de los parques de Moncada, Pobla de Farnals, Sagunt, Burjassot, Torrent, y tres unidades de mando del Consorcio, concretamente sargento, jefe de sector y oficial. Tambi\u00e9n ha acudido un cami\u00f3n y personal de Protecci\u00f3n Civil del Ayuntamiento de N\u00e1quera.&nbsp;<\/p>\n\n\n\n<p>El incendio con explosiones en la nave de N\u00e1quera ha afectado sobre todo un veh\u00edculo que se encontraba en la zona de carga y descarga, un dep\u00f3sito contiguo de gas propelente de 40.000 litros (concretamente gas GLP) y una nave que almacenaba productos tipos disolventes. El GLP, o Gas Licuado del Petr\u00f3leo, es un tipo de gas propelente utilizado por ejemplo en elementos como aerosoles. Hay que destacar que no se han producido da\u00f1os personales.&nbsp;<\/p>\n\n\n\n<p>Con los trabajos de los efectivos desplegados en la zona, se ha evitado que el incendio se propagara a otras partes de las instalaciones de la misma empresa, como por ejemplo un ala que conten\u00eda un dep\u00f3sito de gas de mayores dimensiones.&nbsp;<\/p>\n\n\n\n<p>Los efectivos del Consorcio de Bomberos de Val\u00e8ncia continuan en la zona para acabar de extinguir el incendio.<\/p>\n","protected":false},"excerpt":{"rendered":"<div class=\"mh-excerpt\">El Consorcio Provincial de Bomberos de Val\u00e8ncia est\u00e1 actuando desde cerca de las 15.30 horas de esta tarde en un incendio industrial en N\u00e1quera, en el que se han registrado varias explosiones. Hasta all\u00ed ha <a class=\"mh-excerpt-more\" href=\"https:\/\/www.tucomarca.com\/wordpress\/segunda\/video-un-incendio-con-explosion-en-naquera-destruye-parte-de-una-nave-industrial\/\" title=\"V\u00eddeo: un incendio con explosi\u00f3n en N\u00e1quera destruye parte de una nave industrial\">[+] <\/a><\/div>\n","protected":false},"author":1,"featured_media":149077,"comment_status":"open","ping_status":"open","sticky":false,"template":"","format":"video","meta":{"footnotes":""},"categories":[46,128,8,72,117,180,3,116,45,26],"tags":[10395,13121,212,10436],"class_list":{"0":"post-149048","1":"post","2":"type-post","3":"status-publish","4":"format-video","5":"has-post-thumbnail","7":"category-camp-de-turia","8":"category-infraestructuras","9":"category-la-comarca","10":"category-sin-categorizar","11":"category-medio-ambiente-la-comarca","12":"category-naquera","13":"category-seccion","14":"category-sucesos-la-comarca","15":"category-ventana","16":"category-video","17":"tag-camp-de-turia","18":"tag-consorci-provincial-de-bombers-2","19":"tag-incendio","20":"tag-naquera","21":"post_format-post-format-video"},"_links":{"self":[{"href":"https:\/\/www.tucomarca.com\/wordpress\/segunda\/wp-json\/wp\/v2\/posts\/149048","targetHints":{"allow":["GET"]}}],"collection":[{"href":"https:\/\/www.tucomarca.com\/wordpress\/segunda\/wp-json\/wp\/v2\/posts"}],"about":[{"href":"https:\/\/www.tucomarca.com\/wordpress\/segunda\/wp-json\/wp\/v2\/types\/post"}],"author":[{"embeddable":true,"href":"https:\/\/www.tucomarca.com\/wordpress\/segunda\/wp-json\/wp\/v2\/users\/1"}],"replies":[{"embeddable":true,"href":"https:\/\/www.tucomarca.com\/wordpress\/segunda\/wp-json\/wp\/v2\/comments?post=149048"}],"version-history":[{"count":0,"href":"https:\/\/www.tucomarca.com\/wordpress\/segunda\/wp-json\/wp\/v2\/posts\/149048\/revisions"}],"wp:featuredmedia":[{"embeddable":true,"href":"https:\/\/www.tucomarca.com\/wordpress\/segunda\/wp-json\/wp\/v2\/media\/149077"}],"wp:attachment":[{"href":"https:\/\/www.tucomarca.com\/wordpress\/segunda\/wp-json\/wp\/v2\/media?parent=149048"}],"wp:term":[{"taxonomy":"category","embeddable":true,"href":"https:\/\/www.tucomarca.com\/wordpress\/segunda\/wp-json\/wp\/v2\/categories?post=149048"},{"taxonomy":"post_tag","embeddable":true,"href":"https:\/\/www.tucomarca.com\/wordpress\/segunda\/wp-json\/wp\/v2\/tags?post=149048"}],"curies":[{"name":"wp","href":"https:\/\/api.w.org\/{rel}","templated":true}]}}