{"id":149258,"date":"2022-02-16T07:55:00","date_gmt":"2022-02-16T06:55:00","guid":{"rendered":"http:\/\/www.tucomarca.com\/wordpress\/segunda\/?p=149258"},"modified":"2022-02-16T08:34:40","modified_gmt":"2022-02-16T07:34:40","slug":"cooperativas-agro-alimentarias-se-adhiere-a-la-convocatoria-de-manifestacion-de-los-agricultores-para-el-25-de-febrero","status":"publish","type":"post","link":"https:\/\/www.tucomarca.com\/wordpress\/segunda\/cooperativas-agro-alimentarias-se-adhiere-a-la-convocatoria-de-manifestacion-de-los-agricultores-para-el-25-de-febrero\/","title":{"rendered":"Cooperativas Agro-alimentarias se adhiere a la convocatoria de manifestaci\u00f3n de los agricultores para el 25 de febrero"},"content":{"rendered":"\n<p>Cooperatives Agro-aliment\u00e0ries de la Comunitat Valenciana se adhiere a la convocatoria de manifestaci\u00f3n impulsada por las organizaciones profesionales agrarias el pr\u00f3ximo viernes 25 de febrero bajo el lema \u201cSOS: per la supervivencia del camp valenci\u00e0\u201d.<\/p>\n\n\n\n<p>La convocatoria movilizar\u00e1 a personas y veh\u00edculos agr\u00edcolas en un recorrido que comenzar\u00e1 en la calle X\u00e0tiva y discurrir\u00e1 por el centro de Valencia hasta la Delegaci\u00f3n del Gobierno, donde se dar\u00e1 lectura a un manifiesto com\u00fan. La tabla reivindicativa de esta manifestaci\u00f3n alude a cuestiones como la adopci\u00f3n de medidas extraordinarias que alivien la escalada de costes de producci\u00f3n agr\u00edcolas y ganaderos; la puesta en marcha de planes de reconversi\u00f3n y reestructuraci\u00f3n para sectores en crisis; la implicaci\u00f3n de las Administraciones para hacer frente a las amenazas fito y zoosanitarias; la revisi\u00f3n de acuerdos comerciales y la evaluaci\u00f3n del impacto real de las estrategias vinculadas al Pacto Verde Europeo; la adaptaci\u00f3n de la Reforma Laboral a las necesidades de la agricultura valenciana; o la mejora de las estrategias de lucha contra los robos en campo, entre otros aspectos.<\/p>\n\n\n\n<p>Cirilo Arnandis, presidente de Cooperatives Agro-aliment\u00e0ries de la Comunitat Valenciana, considera \u00abque desafortunadamente, la situaci\u00f3n no ha mejorado en absoluto desde la hist\u00f3rica concentraci\u00f3n de 2020, en la que alrededor de 10.000 personas y 2.000 veh\u00edculos agr\u00edcolas protestaron en Valencia. Es necesario volver a salir a la calle para hacer ver a nuestros representantes pol\u00edticos y al conjunto de la sociedad que est\u00e1 en riesgo el futuro de nuestra agricultura\u201d. Informa, <strong>Luis Ib\u00e1\u00f1ez<\/strong>.<\/p>\n","protected":false},"excerpt":{"rendered":"<div class=\"mh-excerpt\">Cooperatives Agro-aliment\u00e0ries de la Comunitat Valenciana se adhiere a la convocatoria de manifestaci\u00f3n impulsada por las organizaciones profesionales agrarias el pr\u00f3ximo viernes 25 de febrero bajo el lema \u201cSOS: per la supervivencia del camp valenci\u00e0\u201d. <a class=\"mh-excerpt-more\" href=\"https:\/\/www.tucomarca.com\/wordpress\/segunda\/cooperativas-agro-alimentarias-se-adhiere-a-la-convocatoria-de-manifestacion-de-los-agricultores-para-el-25-de-febrero\/\" title=\"Cooperativas Agro-alimentarias se adhiere a la convocatoria de manifestaci\u00f3n de los agricultores para el 25 de febrero\">[+] <\/a><\/div>\n","protected":false},"author":1,"featured_media":149032,"comment_status":"open","ping_status":"open","sticky":false,"template":"","format":"standard","meta":{"footnotes":""},"categories":[49,169,38,46,128,8,72,59,142,27,3],"tags":[85,10395,5952,10387],"class_list":{"0":"post-149258","1":"post","2":"type-post","3":"status-publish","4":"format-standard","5":"has-post-thumbnail","7":"category-ademuz","8":"category-agricultura-la-comarca","9":"category-ayora-cofrentes","10":"category-camp-de-turia","11":"category-infraestructuras","12":"category-la-comarca","13":"category-sin-categorizar","14":"category-los-serranos","15":"category-politica-la-comarca","16":"category-requena-utiel","17":"category-seccion","18":"tag-agricultura","19":"tag-camp-de-turia","20":"tag-la-hoya-de-bunol-chiva","21":"tag-requena-utiel"},"_links":{"self":[{"href":"https:\/\/www.tucomarca.com\/wordpress\/segunda\/wp-json\/wp\/v2\/posts\/149258","targetHints":{"allow":["GET"]}}],"collection":[{"href":"https:\/\/www.tucomarca.com\/wordpress\/segunda\/wp-json\/wp\/v2\/posts"}],"about":[{"href":"https:\/\/www.tucomarca.com\/wordpress\/segunda\/wp-json\/wp\/v2\/types\/post"}],"author":[{"embeddable":true,"href":"https:\/\/www.tucomarca.com\/wordpress\/segunda\/wp-json\/wp\/v2\/users\/1"}],"replies":[{"embeddable":true,"href":"https:\/\/www.tucomarca.com\/wordpress\/segunda\/wp-json\/wp\/v2\/comments?post=149258"}],"version-history":[{"count":0,"href":"https:\/\/www.tucomarca.com\/wordpress\/segunda\/wp-json\/wp\/v2\/posts\/149258\/revisions"}],"wp:featuredmedia":[{"embeddable":true,"href":"https:\/\/www.tucomarca.com\/wordpress\/segunda\/wp-json\/wp\/v2\/media\/149032"}],"wp:attachment":[{"href":"https:\/\/www.tucomarca.com\/wordpress\/segunda\/wp-json\/wp\/v2\/media?parent=149258"}],"wp:term":[{"taxonomy":"category","embeddable":true,"href":"https:\/\/www.tucomarca.com\/wordpress\/segunda\/wp-json\/wp\/v2\/categories?post=149258"},{"taxonomy":"post_tag","embeddable":true,"href":"https:\/\/www.tucomarca.com\/wordpress\/segunda\/wp-json\/wp\/v2\/tags?post=149258"}],"curies":[{"name":"wp","href":"https:\/\/api.w.org\/{rel}","templated":true}]}}