{"id":149337,"date":"2022-02-22T10:00:00","date_gmt":"2022-02-22T09:00:00","guid":{"rendered":"http:\/\/www.tucomarca.com\/wordpress\/segunda\/?p=149337"},"modified":"2022-02-22T11:21:49","modified_gmt":"2022-02-22T10:21:49","slug":"el-consorcio-valencia-interior-impulsa-la-participacion-ciudadana-con-la-creacion-de-las-comisiones-territoriales","status":"publish","type":"post","link":"https:\/\/www.tucomarca.com\/wordpress\/segunda\/el-consorcio-valencia-interior-impulsa-la-participacion-ciudadana-con-la-creacion-de-las-comisiones-territoriales\/","title":{"rendered":"El Consorcio Valencia Interior impulsa la participaci\u00f3n ciudadana con la creaci\u00f3n de las comisiones territoriales"},"content":{"rendered":"\n<h4 class=\"wp-block-heading\"><strong>La entidad que gestiona los residuos de 61 municipios del interior de la provincia de Valencia anima a las asociaciones y a las personas a t\u00edtulo individual a formar parte de este \u00f3rgano<\/strong><\/h4>\n\n\n\n<h4 class=\"wp-block-heading\"><strong>El CVI atender\u00e1 las demandas y sugerencias de la ciudadan\u00eda a trav\u00e9s de este medio de participaci\u00f3n comarcal&nbsp;<\/strong><\/h4>\n\n\n\n<figure class=\"wp-block-gallery columns-2 is-cropped wp-block-gallery-1 is-layout-flex wp-block-gallery-is-layout-flex\"><ul class=\"blocks-gallery-grid\"><li class=\"blocks-gallery-item\"><figure><img loading=\"lazy\" decoding=\"async\" width=\"724\" height=\"1024\" src=\"https:\/\/www.tucomarca.com\/wordpress\/segunda\/wp-content\/uploads\/2022\/02\/CVI_fessentirlateuaveu-724x1024.jpg\" alt=\"\" data-id=\"149554\" data-full-url=\"https:\/\/www.tucomarca.com\/wordpress\/segunda\/wp-content\/uploads\/2022\/02\/CVI_fessentirlateuaveu.jpg\" data-link=\"https:\/\/www.tucomarca.com\/wordpress\/segunda\/?attachment_id=149554\" class=\"wp-image-149554\" srcset=\"https:\/\/www.tucomarca.com\/wordpress\/segunda\/wp-content\/uploads\/2022\/02\/CVI_fessentirlateuaveu-724x1024.jpg 724w, https:\/\/www.tucomarca.com\/wordpress\/segunda\/wp-content\/uploads\/2022\/02\/CVI_fessentirlateuaveu-212x300.jpg 212w, https:\/\/www.tucomarca.com\/wordpress\/segunda\/wp-content\/uploads\/2022\/02\/CVI_fessentirlateuaveu.jpg 726w\" sizes=\"auto, (max-width: 724px) 100vw, 724px\" \/><\/figure><\/li><li class=\"blocks-gallery-item\"><figure><img loading=\"lazy\" decoding=\"async\" width=\"724\" height=\"1024\" src=\"https:\/\/www.tucomarca.com\/wordpress\/segunda\/wp-content\/uploads\/2022\/02\/CVI_teuacolaboracio-724x1024.jpg\" alt=\"\" data-id=\"149556\" data-full-url=\"https:\/\/www.tucomarca.com\/wordpress\/segunda\/wp-content\/uploads\/2022\/02\/CVI_teuacolaboracio.jpg\" data-link=\"https:\/\/www.tucomarca.com\/wordpress\/segunda\/?attachment_id=149556\" class=\"wp-image-149556\" srcset=\"https:\/\/www.tucomarca.com\/wordpress\/segunda\/wp-content\/uploads\/2022\/02\/CVI_teuacolaboracio-724x1024.jpg 724w, https:\/\/www.tucomarca.com\/wordpress\/segunda\/wp-content\/uploads\/2022\/02\/CVI_teuacolaboracio-212x300.jpg 212w, https:\/\/www.tucomarca.com\/wordpress\/segunda\/wp-content\/uploads\/2022\/02\/CVI_teuacolaboracio-768x1086.jpg 768w, https:\/\/www.tucomarca.com\/wordpress\/segunda\/wp-content\/uploads\/2022\/02\/CVI_teuacolaboracio.jpg 1000w\" sizes=\"auto, (max-width: 724px) 100vw, 724px\" \/><\/figure><\/li><\/ul><\/figure>\n\n\n\n<p>El Consorcio Valencia Interior invita a la poblaci\u00f3n a formar parte de las comisiones territoriales de participaci\u00f3n con el objetivo de adecuar la gesti\u00f3n de los residuos a la realidad de los distintos territorios, as\u00ed como atender las peticiones ciudadanas. Este \u00f3rgano, de \u00e1mbito comarcal, est\u00e1 abierto a todas las personas que residan en cualquiera de los 61 municipios consorciados, que pueden participar a t\u00edtulo individual o como parte de una asociaci\u00f3n.<\/p>\n\n\n\n<p>De este modo, el consorcio favorece la implicaci\u00f3n de la ciudadan\u00eda en la toma de decisiones con respecto su actividad en las comarcas de Camp de T\u00faria, la Hoya de Bu\u00f1ol-Chiva, la Plana de Utiel-Requena, la Serran\u00eda y el Rinc\u00f3n de Ademuz.<\/p>\n\n\n\n<p>La inscripci\u00f3n en las comisiones territoriales es voluntaria y \u00fanicamente es necesario presentar una solicitud formal dirigida a la Junta de Gobierno del Consorcio Valencia Interior, a trav\u00e9s del registro de entrada de la sede electr\u00f3nica de la entidad <a href=\"https:\/\/consorciovalenciainterior.sedelectronica.es\/info\">https:\/\/consorciovalenciainterior.sedelectronica.es\/info<\/a>.<\/p>\n\n\n\n<p>En cuanto a los requisitos, las personas que deseen participar a t\u00edtulo individual deber\u00e1n aportar, junto a la instancia, el certificado de empadronamiento en uno de los municipios que integran el consorcio. Las asociaciones, agrupaciones o entidades, sin embargo, deber\u00e1n acompa\u00f1ar la solicitud con el justificante de inscripci\u00f3n en el Registro Municipal de Entidades Ciudadanas del municipio al que pertenecen.&nbsp;<\/p>\n\n\n\n<p>Adem\u00e1s, con el fin de resolver cualquier tipo de duda, el Consorcio Valencia Interior ha habilitado el correo electr\u00f3nico <a href=\"mailto:info@consorciovalenciainterior.es\">info@consorciovalenciainterior.es<\/a>. Igualmente, las personas interesadas podr\u00e1n consultar la informaci\u00f3n a trav\u00e9s de la web <a href=\"http:\/\/www.consorciovalenciainterior.com\/participacion\/\">http:\/\/www.consorciovalenciainterior.com\/participacion\/<\/a>&nbsp;<\/p>\n\n\n\n<p>El Reglamento del Consejo de Participaci\u00f3n Territorial y Ciudadana, aprobado en la Asamblea celebrada el 2 de julio de 2020, define dos tipos de \u00f3rganos de participaci\u00f3n reglados: el Consejo de Participaci\u00f3n Territorial y Ciudadana del CVI y las Comisiones Territoriales. En referencia al Consejo de Participaci\u00f3n Ciudadana, quedar\u00e1 conformado por los siguientes cargos: un presidente, un vicepresidente, un secretario y vocales. Las personas que ocupen los puestos de vocales del Consejo provendr\u00e1n de las diferentes Comisiones Territoriales. De entre ellas elegir\u00e1n los cargos de vicepresidente y secretario. En total habr\u00e1 cinco Comisiones Territoriales, una por cada comarca.<\/p>\n\n\n\n<p>Con todo, el consorcio pretende lograr una gesti\u00f3n sostenible de los residuos aplicando criterios de proximidad y transparencia, buscando el consenso con la ciudadan\u00eda y teniendo en cuenta las necesidades particulares de cada territorio. En este sentido, el presidente de CVI, Robert Raga, ha explicado que de esta forma \u201cse pretende acercar todav\u00eda m\u00e1s el consorcio a la ciudadan\u00eda de manera que la informaci\u00f3n sea todav\u00eda m\u00e1s transparente y accesible si cabe\u201d, para concluir que el sentido de la comunicaci\u00f3n \u201cser\u00e1 siempre bidireccional puesto que estamos abiertos a escuchar las propuestas que nos haga llegar la ciudadan\u00eda en materia de gesti\u00f3n de residuos\u201d.<\/p>\n","protected":false},"excerpt":{"rendered":"<div class=\"mh-excerpt\">La entidad que gestiona los residuos de 61 municipios del interior de la provincia de Valencia anima a las asociaciones y a las personas a t\u00edtulo individual a formar parte de este \u00f3rgano El CVI <a class=\"mh-excerpt-more\" href=\"https:\/\/www.tucomarca.com\/wordpress\/segunda\/el-consorcio-valencia-interior-impulsa-la-participacion-ciudadana-con-la-creacion-de-las-comisiones-territoriales\/\" title=\"El Consorcio Valencia Interior impulsa la participaci\u00f3n ciudadana con la creaci\u00f3n de las comisiones territoriales\">[+] <\/a><\/div>\n","protected":false},"author":12,"featured_media":149552,"comment_status":"open","ping_status":"open","sticky":false,"template":"","format":"standard","meta":{"footnotes":""},"categories":[49,4,46,128,8,10,59,117,142,27,3,45],"tags":[16398,417,10220,10848],"class_list":{"0":"post-149337","1":"post","2":"type-post","3":"status-publish","4":"format-standard","5":"has-post-thumbnail","7":"category-ademuz","8":"category-agenda","9":"category-camp-de-turia","10":"category-infraestructuras","11":"category-la-comarca","12":"category-la-hoya","13":"category-los-serranos","14":"category-medio-ambiente-la-comarca","15":"category-politica-la-comarca","16":"category-requena-utiel","17":"category-seccion","18":"category-ventana","19":"tag-comisiones-territoriales","20":"tag-consorcio-valencia-interior","21":"tag-cvi","22":"tag-participacion-ciudadana"},"_links":{"self":[{"href":"https:\/\/www.tucomarca.com\/wordpress\/segunda\/wp-json\/wp\/v2\/posts\/149337","targetHints":{"allow":["GET"]}}],"collection":[{"href":"https:\/\/www.tucomarca.com\/wordpress\/segunda\/wp-json\/wp\/v2\/posts"}],"about":[{"href":"https:\/\/www.tucomarca.com\/wordpress\/segunda\/wp-json\/wp\/v2\/types\/post"}],"author":[{"embeddable":true,"href":"https:\/\/www.tucomarca.com\/wordpress\/segunda\/wp-json\/wp\/v2\/users\/12"}],"replies":[{"embeddable":true,"href":"https:\/\/www.tucomarca.com\/wordpress\/segunda\/wp-json\/wp\/v2\/comments?post=149337"}],"version-history":[{"count":0,"href":"https:\/\/www.tucomarca.com\/wordpress\/segunda\/wp-json\/wp\/v2\/posts\/149337\/revisions"}],"wp:featuredmedia":[{"embeddable":true,"href":"https:\/\/www.tucomarca.com\/wordpress\/segunda\/wp-json\/wp\/v2\/media\/149552"}],"wp:attachment":[{"href":"https:\/\/www.tucomarca.com\/wordpress\/segunda\/wp-json\/wp\/v2\/media?parent=149337"}],"wp:term":[{"taxonomy":"category","embeddable":true,"href":"https:\/\/www.tucomarca.com\/wordpress\/segunda\/wp-json\/wp\/v2\/categories?post=149337"},{"taxonomy":"post_tag","embeddable":true,"href":"https:\/\/www.tucomarca.com\/wordpress\/segunda\/wp-json\/wp\/v2\/tags?post=149337"}],"curies":[{"name":"wp","href":"https:\/\/api.w.org\/{rel}","templated":true}]}}