{"id":149362,"date":"2022-02-23T09:00:00","date_gmt":"2022-02-23T08:00:00","guid":{"rendered":"http:\/\/www.tucomarca.com\/wordpress\/segunda\/?p=149362"},"modified":"2022-02-23T10:55:59","modified_gmt":"2022-02-23T09:55:59","slug":"las-comisiones-falleras-de-bunol-presentan-este-sabado-a-sus-falleras-2022-en-un-acto-conjunto-en-en-teatro-montecarlo","status":"publish","type":"post","link":"https:\/\/www.tucomarca.com\/wordpress\/segunda\/las-comisiones-falleras-de-bunol-presentan-este-sabado-a-sus-falleras-2022-en-un-acto-conjunto-en-en-teatro-montecarlo\/","title":{"rendered":"Las comisiones falleras de Bu\u00f1ol presentan este s\u00e1bado a sus falleras mayores 2022 en un acto conjunto en en teatro Montecarlo"},"content":{"rendered":"\n<p>Las cinco comisiones falleras de Bu\u00f1ol presentan a sus falleras 2022 en un acto conjunto en en teatro Montecarlo previsto para este s\u00e1bado, 26 de febrero. La idea de realizar este acto en com\u00fan nace de los presidentes de las cinco fallas de la localidad \u00abante la situaci\u00f3n econ\u00f3micamente precaria en que ha dejado la pandemia a las comisiones y tambi\u00e9n porque las Falleras Mayores ya se presentaron en 2020\u00bb, seg\u00fan han informado fuentes de la organizaci\u00f3n del evento.<\/p>\n\n\n\n<p>El acto de presentaci\u00f3n conjunto ser\u00e1 este s\u00e1bado en el teatro Montecarlo de Bu\u00f1ol a las 18,30 horas; y en \u00e9l se presentar\u00e1n a las Falleras Mayores e Infantiles as\u00ed como a los presidentes de las cinco comisiones falleras del municipio en un entretenido acto con v\u00eddeos y actuaciones musicales y bailes.<\/p>\n\n\n\n<p>\u00abEl Ayuntamiento de Bu\u00f1ol se ha volcado con las comisiones en esta \u00e9poca tal dif\u00edcil ayud\u00e1ndonos en todo, incluso en la edici\u00f3n de un llibret conjunto que se realizar\u00e1 para las cinco comisiones\u00bb, seg\u00fan ha explicado Sergio Galarza desde la organizaci\u00f3n.<\/p>\n\n\n\n<p>Las comisiones organizadoras del evento y sus falleras para este a\u00f1o son:<\/p>\n\n\n\n<p><strong>Falla Bu\u00f1ol Pueblo:<\/strong><\/p>\n\n\n\n<p>Fallera Mayor: Isabel Sol\u00e1 L\u00f3pez.<br>Presidente: Manuel G\u00f3mez Gonz\u00e1lez.<\/p>\n\n\n\n<p><strong>Falla Nuevo Bu\u00f1ol:<\/strong><\/p>\n\n\n\n<p>Fallera Mayor: Jennifer Laut Rodr\u00edguez.<br>Presidente: Miguel Romero D\u00edaz.<br>Fallera Mayor Infantil: Ainhoa Azor\u00edn S\u00e1nchez.<br>Presidente Infantil: David Risue\u00f1o Rudnik.<\/p>\n\n\n\n<p><strong>Falla Las Ventas:<\/strong><\/p>\n\n\n\n<p>Fallera Mayor: Cristina Parla Villanueva.<br>Presidente: Sergio Galarza Asensio.<br>Fallera Mayor Infantil: Estela L\u00f3pez Pall\u00e1s.<br>Presidente Infantil: Luis L\u00f3pez Ferrer.<\/p>\n\n\n\n<p><strong>Falla El Prado:<\/strong><\/p>\n\n\n\n<p>Fallera Mayor: Miriam Villena Miralles.<br>Presidente: Francisco Monteagudo Hern\u00e1ndez.<\/p>\n\n\n\n<p><strong>Falla Reyes Cat\u00f3licos y Adyacentes:<\/strong><\/p>\n\n\n\n<p>Falla Mayor: Laura Gallego Espert.<br>Presidente: Salvador Espert Corach\u00e1n.<\/p>\n","protected":false},"excerpt":{"rendered":"<div class=\"mh-excerpt\">Las cinco comisiones falleras de Bu\u00f1ol presentan a sus falleras 2022 en un acto conjunto en en teatro Montecarlo previsto para este s\u00e1bado, 26 de febrero. La idea de realizar este acto en com\u00fan nace <a class=\"mh-excerpt-more\" href=\"https:\/\/www.tucomarca.com\/wordpress\/segunda\/las-comisiones-falleras-de-bunol-presentan-este-sabado-a-sus-falleras-2022-en-un-acto-conjunto-en-en-teatro-montecarlo\/\" title=\"Las comisiones falleras de Bu\u00f1ol presentan este s\u00e1bado a sus falleras mayores 2022 en un acto conjunto en en teatro Montecarlo\">[+] <\/a><\/div>\n","protected":false},"author":12,"featured_media":149645,"comment_status":"open","ping_status":"open","sticky":false,"template":"","format":"standard","meta":{"footnotes":""},"categories":[4,18,8,10,7,383,3],"tags":[5335,10385,16350,16408,10772,5952],"class_list":{"0":"post-149362","1":"post","2":"type-post","3":"status-publish","4":"format-standard","5":"has-post-thumbnail","7":"category-agenda","8":"category-bunol","9":"category-la-comarca","10":"category-la-hoya","11":"category-ocio-y-cultura","12":"category-pueblos-en-fiestas","13":"category-seccion","14":"tag-ayuntamiento-de-bunol","15":"tag-bunol","16":"tag-fallas-2022","17":"tag-fallas-de-bunol","18":"tag-junta-local-fallera-de-bunol","19":"tag-la-hoya-de-bunol-chiva"},"_links":{"self":[{"href":"https:\/\/www.tucomarca.com\/wordpress\/segunda\/wp-json\/wp\/v2\/posts\/149362","targetHints":{"allow":["GET"]}}],"collection":[{"href":"https:\/\/www.tucomarca.com\/wordpress\/segunda\/wp-json\/wp\/v2\/posts"}],"about":[{"href":"https:\/\/www.tucomarca.com\/wordpress\/segunda\/wp-json\/wp\/v2\/types\/post"}],"author":[{"embeddable":true,"href":"https:\/\/www.tucomarca.com\/wordpress\/segunda\/wp-json\/wp\/v2\/users\/12"}],"replies":[{"embeddable":true,"href":"https:\/\/www.tucomarca.com\/wordpress\/segunda\/wp-json\/wp\/v2\/comments?post=149362"}],"version-history":[{"count":0,"href":"https:\/\/www.tucomarca.com\/wordpress\/segunda\/wp-json\/wp\/v2\/posts\/149362\/revisions"}],"wp:featuredmedia":[{"embeddable":true,"href":"https:\/\/www.tucomarca.com\/wordpress\/segunda\/wp-json\/wp\/v2\/media\/149645"}],"wp:attachment":[{"href":"https:\/\/www.tucomarca.com\/wordpress\/segunda\/wp-json\/wp\/v2\/media?parent=149362"}],"wp:term":[{"taxonomy":"category","embeddable":true,"href":"https:\/\/www.tucomarca.com\/wordpress\/segunda\/wp-json\/wp\/v2\/categories?post=149362"},{"taxonomy":"post_tag","embeddable":true,"href":"https:\/\/www.tucomarca.com\/wordpress\/segunda\/wp-json\/wp\/v2\/tags?post=149362"}],"curies":[{"name":"wp","href":"https:\/\/api.w.org\/{rel}","templated":true}]}}