{"id":149618,"date":"2022-02-22T18:30:00","date_gmt":"2022-02-22T17:30:00","guid":{"rendered":"http:\/\/www.tucomarca.com\/wordpress\/segunda\/?p=149618"},"modified":"2022-02-22T19:03:48","modified_gmt":"2022-02-22T18:03:48","slug":"ocho-bodegas-de-la-do-utiel-requena-participaran-en-la-feria-foodex-japan","status":"publish","type":"post","link":"https:\/\/www.tucomarca.com\/wordpress\/segunda\/ocho-bodegas-de-la-do-utiel-requena-participaran-en-la-feria-foodex-japan\/","title":{"rendered":"Ocho bodegas de la DO Utiel-Requena participar\u00e1n en la feria Foodex Japan"},"content":{"rendered":"\n<p>La Denominaci\u00f3n de Origen Utiel-Requena participar\u00e1 con ocho de sus bodegas en Foodex Jap\u00f3n, el m\u00e1s importante sal\u00f3n internacional del sector agroalimentario que se celebra en el pa\u00eds y en todo el sudeste asi\u00e1tico. La feria tendr\u00e1 lugar en Tokio, entre los d\u00edas 8 y 11 de marzo.<\/p>\n\n\n\n<p>Las ocho bodegas de la Denominaci\u00f3n de Origen de Utiel-Requena que participar\u00e1n en la feria son BVC, Covi\u00f1as, Chozas Carrascal, De Moya, Dominio de la Vega, Faustino Rivero Ulecia, Finca San Blas, y Vera de Estenas.<\/p>\n\n\n\n<p>Este importante sal\u00f3n internacional de la comida y la bebida se convertir\u00e1 durante cuatro d\u00edas en un importante escaparate para promocionar los vinos de la DO Utiel-Requena en el mercado Foodex Japan, como ya hicieron ese a\u00f1o, con dos catas autorizadas.<\/p>\n\n\n\n<p><strong>Catas de vino Bobal en Tokio<\/strong><\/p>\n\n\n\n<p>Las catas de los vinos de la DO se celebrar\u00e1n el 9 de marzo, la primera a las 13,00 horas y la segunda a las 14,30 horas y durar\u00e1n 1 hora cada una.<\/p>\n\n\n\n<p>En Foodex Jap\u00f3n se catar\u00e1 un solo vino por bodega, exclusivamente de la variedad Bobal, para que la variedad aut\u00f3ctona sea el emblema de las elaboraciones de la zona.<\/p>\n\n\n\n<p>La cata ser\u00e1 dirigida por el embajador de los vinos de la DO Utiel-Requena en Jap\u00f3n, el se\u00f1or Takayuki Kikuchi, y tambi\u00e9n estar\u00e1 all\u00ed la&nbsp; consultora de la DO en el mercado asi\u00e1tico y experta en vino, Yoshiko Akehi.<\/p>\n\n\n\n<p>A la cata acudir\u00e1n 20 profesionales del vino y del mundo de prensa para darle m\u00e1s difusi\u00f3n y cobertura.<\/p>\n\n\n\n<p>Los representantes de la Denominaci\u00f3n de Origen Utiel-Requena y sus bodegas se ubicar\u00e1n en el Pabell\u00f3n Espa\u00f1a, junto con el resto de las empresas que acuden al sal\u00f3n de la mano del Instituto de Comercio Exterior, ICEX. Informa, <strong>Luis Ib\u00e1\u00f1ez<\/strong>.<\/p>\n","protected":false},"excerpt":{"rendered":"<div class=\"mh-excerpt\">La Denominaci\u00f3n de Origen Utiel-Requena participar\u00e1 con ocho de sus bodegas en Foodex Jap\u00f3n, el m\u00e1s importante sal\u00f3n internacional del sector agroalimentario que se celebra en el pa\u00eds y en todo el sudeste asi\u00e1tico. La <a class=\"mh-excerpt-more\" href=\"https:\/\/www.tucomarca.com\/wordpress\/segunda\/ocho-bodegas-de-la-do-utiel-requena-participaran-en-la-feria-foodex-japan\/\" title=\"Ocho bodegas de la DO Utiel-Requena participar\u00e1n en la feria Foodex Japan\">[+] <\/a><\/div>\n","protected":false},"author":1,"featured_media":149619,"comment_status":"open","ping_status":"open","sticky":false,"template":"","format":"standard","meta":{"footnotes":""},"categories":[4,169,112,236,113,37,138,139,128,8,111,28,27,140,3,235,29,234,120],"tags":[11665,10387,1987,1421],"class_list":{"0":"post-149618","1":"post","2":"type-post","3":"status-publish","4":"format-standard","5":"has-post-thumbnail","7":"category-agenda","8":"category-agricultura-la-comarca","9":"category-campo-arcis","10":"category-camporrobles","11":"category-vinos","12":"category-caudete","13":"category-chera","14":"category-fuenterrobles","15":"category-infraestructuras","16":"category-la-comarca","17":"category-las-cuevas","18":"category-requena","19":"category-requena-utiel","20":"category-san-antonio","21":"category-seccion","22":"category-sinarcas","23":"category-utiel","24":"category-venta-del-moro","25":"category-villargordo-del-cabriel","26":"tag-d-o-requena-utiel","27":"tag-requena-utiel","28":"tag-utiel-requena","29":"tag-vinos-2"},"_links":{"self":[{"href":"https:\/\/www.tucomarca.com\/wordpress\/segunda\/wp-json\/wp\/v2\/posts\/149618","targetHints":{"allow":["GET"]}}],"collection":[{"href":"https:\/\/www.tucomarca.com\/wordpress\/segunda\/wp-json\/wp\/v2\/posts"}],"about":[{"href":"https:\/\/www.tucomarca.com\/wordpress\/segunda\/wp-json\/wp\/v2\/types\/post"}],"author":[{"embeddable":true,"href":"https:\/\/www.tucomarca.com\/wordpress\/segunda\/wp-json\/wp\/v2\/users\/1"}],"replies":[{"embeddable":true,"href":"https:\/\/www.tucomarca.com\/wordpress\/segunda\/wp-json\/wp\/v2\/comments?post=149618"}],"version-history":[{"count":0,"href":"https:\/\/www.tucomarca.com\/wordpress\/segunda\/wp-json\/wp\/v2\/posts\/149618\/revisions"}],"wp:featuredmedia":[{"embeddable":true,"href":"https:\/\/www.tucomarca.com\/wordpress\/segunda\/wp-json\/wp\/v2\/media\/149619"}],"wp:attachment":[{"href":"https:\/\/www.tucomarca.com\/wordpress\/segunda\/wp-json\/wp\/v2\/media?parent=149618"}],"wp:term":[{"taxonomy":"category","embeddable":true,"href":"https:\/\/www.tucomarca.com\/wordpress\/segunda\/wp-json\/wp\/v2\/categories?post=149618"},{"taxonomy":"post_tag","embeddable":true,"href":"https:\/\/www.tucomarca.com\/wordpress\/segunda\/wp-json\/wp\/v2\/tags?post=149618"}],"curies":[{"name":"wp","href":"https:\/\/api.w.org\/{rel}","templated":true}]}}