{"id":149799,"date":"2022-02-24T12:30:00","date_gmt":"2022-02-24T11:30:00","guid":{"rendered":"http:\/\/www.tucomarca.com\/wordpress\/segunda\/?p=149799"},"modified":"2022-02-24T13:02:15","modified_gmt":"2022-02-24T12:02:15","slug":"leliana-se-prepara-para-celebrar-la-semana-de-la-mujer-2022","status":"publish","type":"post","link":"https:\/\/www.tucomarca.com\/wordpress\/segunda\/leliana-se-prepara-para-celebrar-la-semana-de-la-mujer-2022\/","title":{"rendered":"L&#8217;Eliana se prepara para celebrar la Semana de la Mujer 2022"},"content":{"rendered":"\n<p><strong>El Ayuntamiento ofrecer\u00e1 un servicio de autob\u00fas gratuito para asistir a la marcha reivindicativa del 8M en Val\u00e8ncia.<\/strong><\/p>\n\n\n\n<p>El Ayuntamiento de l&#8217;Eliana vuelve a acoger de manera presencial la Semana de la Mujer con motivo del D\u00eda Internacional de la Mujer el 8 de marzo. Para celebrarlo, el Consistorio ha organizado una semana intensiva llena de actividades del 1 al 8 de marzo.<\/p>\n\n\n\n<p>Los actos empezar\u00e1n el martes 1 con su inauguraci\u00f3n a las 12 horas en la plaza del Pa\u00eds Valenci\u00e0&nbsp;y el concierto denominado \u201cLa composici\u00f3 tamb\u00e9&nbsp;\u00e9s cosa de&nbsp;dones\u201d a cargo de Sep\u00f3-Bernard D\u00fao, que tendr\u00e1 lugar a las 19 horas en el Centro Sociocultural.&nbsp;Al d\u00eda siguiente, se llevar\u00e1n a cabo varias actividades deportivas que, con el lema \u201cDona i Esport\u201d reunir\u00e1n a aquellas personas que quieran participar a partir de las 18 horas&nbsp;en el&nbsp;Polideportivo Municipal.<\/p>\n\n\n\n<p>Por otro lado, el Nou&nbsp;Espai&nbsp;del Centro Sociocultural acoger\u00e1 el jueves 3 a las 19 horas la charla de la periodista elianera Ver\u00f3nica Soria titulada \u201cPensant en femen\u00ed:&nbsp;all\u00f2 que l\u2019espill no mostra&nbsp;(trastorns de conducta aliment\u00e0ria)\u201d, que contar\u00e1 con la colaboraci\u00f3n de Lliures, Associaci\u00f3 Feminista de l&#8217;Eliana. Y el viernes 4 de marzo a las 19 horas un concurso de preguntas (<em>Kahoot<\/em>) sobre la historia de la mujer a cargo de la tambi\u00e9n elianera \u2018Sonituns\u2019, emprendedora local y&nbsp;<em>tiktoker<\/em>.<\/p>\n\n\n\n<p>El domingo 6 de marzo a las 14 horas la concejal\u00eda de Igualdad ha organizado varias actividades, como una partida de pilota valenciana entre mujeres en la calle Virgen&nbsp;del Rosario, o una \u201cMasclet\u00e0 Morada\u201d a cargo de Reyes Mart\u00ed al parking del Polideportivo. M\u00e1s tarde, a las 14.30 horas se ofrecer\u00e1 una paella popular con aforo limitado para las primeras 600 personas.<\/p>\n\n\n\n<p>A continuaci\u00f3n, el lunes 7 de marzo a las 19 horas se proyectar\u00e1 el documental \u201cLa Primera Toga\u201d sobre a la figura de Ascenci\u00f3n Xirivella en la Sala Pep Torrent del Centro Sociocultural con un posterior coloquio. Y, finalmente, el martes 8 de marzo, D\u00eda Internacional de la Mujer, y como colof\u00f3n, el \u00e1rea de Igualdad ha organizado una salida&nbsp;a&nbsp;Val\u00e8ncia para asistir a la marcha reivindicativa del 8M con servicio de autob\u00fas gratuito.<\/p>\n\n\n\n<p>La&nbsp;concejala&nbsp;de Igualdad, Concha Montaner, ha invitado a la ciudadan\u00eda a participar en las diversas actividades organizadas y ha recordado que para solicitar el servicio de autob\u00fas para asistir a la manifestaci\u00f3n del 8M en Val\u00e8ncia se tendr\u00e1 que hacer una reserva previa a trav\u00e9s de Whatsapp al n\u00famero 661 496 257 indicando el nombre y los apellidos antes del lunes 28 de febrero.<\/p>\n","protected":false},"excerpt":{"rendered":"<div class=\"mh-excerpt\">El Ayuntamiento ofrecer\u00e1 un servicio de autob\u00fas gratuito para asistir a la marcha reivindicativa del 8M en Val\u00e8ncia. El Ayuntamiento de l&#8217;Eliana vuelve a acoger de manera presencial la Semana de la Mujer con motivo <a class=\"mh-excerpt-more\" href=\"https:\/\/www.tucomarca.com\/wordpress\/segunda\/leliana-se-prepara-para-celebrar-la-semana-de-la-mujer-2022\/\" title=\"L&#8217;Eliana se prepara para celebrar la Semana de la Mujer 2022\">[+] <\/a><\/div>\n","protected":false},"author":1,"featured_media":149800,"comment_status":"open","ping_status":"open","sticky":false,"template":"","format":"standard","meta":{"footnotes":""},"categories":[4,46,128,177,8,142,3],"tags":[10395,1020,734],"class_list":{"0":"post-149799","1":"post","2":"type-post","3":"status-publish","4":"format-standard","5":"has-post-thumbnail","7":"category-agenda","8":"category-camp-de-turia","9":"category-infraestructuras","10":"category-leliana","11":"category-la-comarca","12":"category-politica-la-comarca","13":"category-seccion","14":"tag-camp-de-turia","15":"tag-eliana","16":"tag-mujer-trabajadora"},"_links":{"self":[{"href":"https:\/\/www.tucomarca.com\/wordpress\/segunda\/wp-json\/wp\/v2\/posts\/149799","targetHints":{"allow":["GET"]}}],"collection":[{"href":"https:\/\/www.tucomarca.com\/wordpress\/segunda\/wp-json\/wp\/v2\/posts"}],"about":[{"href":"https:\/\/www.tucomarca.com\/wordpress\/segunda\/wp-json\/wp\/v2\/types\/post"}],"author":[{"embeddable":true,"href":"https:\/\/www.tucomarca.com\/wordpress\/segunda\/wp-json\/wp\/v2\/users\/1"}],"replies":[{"embeddable":true,"href":"https:\/\/www.tucomarca.com\/wordpress\/segunda\/wp-json\/wp\/v2\/comments?post=149799"}],"version-history":[{"count":0,"href":"https:\/\/www.tucomarca.com\/wordpress\/segunda\/wp-json\/wp\/v2\/posts\/149799\/revisions"}],"wp:featuredmedia":[{"embeddable":true,"href":"https:\/\/www.tucomarca.com\/wordpress\/segunda\/wp-json\/wp\/v2\/media\/149800"}],"wp:attachment":[{"href":"https:\/\/www.tucomarca.com\/wordpress\/segunda\/wp-json\/wp\/v2\/media?parent=149799"}],"wp:term":[{"taxonomy":"category","embeddable":true,"href":"https:\/\/www.tucomarca.com\/wordpress\/segunda\/wp-json\/wp\/v2\/categories?post=149799"},{"taxonomy":"post_tag","embeddable":true,"href":"https:\/\/www.tucomarca.com\/wordpress\/segunda\/wp-json\/wp\/v2\/tags?post=149799"}],"curies":[{"name":"wp","href":"https:\/\/api.w.org\/{rel}","templated":true}]}}