{"id":149807,"date":"2022-02-25T09:00:00","date_gmt":"2022-02-25T08:00:00","guid":{"rendered":"http:\/\/www.tucomarca.com\/wordpress\/segunda\/?p=149807"},"modified":"2022-02-25T10:24:52","modified_gmt":"2022-02-25T09:24:52","slug":"concluye-febrero-en-bunol-con-la-presentacion-fallera-conjunta-musica-a-cargo-de-la-armonica-y-moda-con-el-showroom-de-enilde","status":"publish","type":"post","link":"https:\/\/www.tucomarca.com\/wordpress\/segunda\/concluye-febrero-en-bunol-con-la-presentacion-fallera-conjunta-musica-a-cargo-de-la-armonica-y-moda-con-el-showroom-de-enilde\/","title":{"rendered":"Concluye febrero en Bu\u00f1ol con la presentaci\u00f3n fallera conjunta, m\u00fasica a cargo de \u201cLa Arm\u00f3nica\u201d y moda con el Showroom de Enilde"},"content":{"rendered":"\n<figure class=\"wp-block-image size-large\"><img loading=\"lazy\" decoding=\"async\" width=\"676\" height=\"960\" src=\"https:\/\/www.tucomarca.com\/wordpress\/segunda\/wp-content\/uploads\/2022\/02\/BunolPresentaciones.jpg\" alt=\"\" class=\"wp-image-149845\" srcset=\"https:\/\/www.tucomarca.com\/wordpress\/segunda\/wp-content\/uploads\/2022\/02\/BunolPresentaciones.jpg 676w, https:\/\/www.tucomarca.com\/wordpress\/segunda\/wp-content\/uploads\/2022\/02\/BunolPresentaciones-211x300.jpg 211w\" sizes=\"auto, (max-width: 676px) 100vw, 676px\" \/><\/figure>\n\n\n\n<p>Este fin de semana Bu\u00f1ol vuelve a ofrecer cultura. El s\u00e1bado dos grandes actos centrar\u00e1n la atenci\u00f3n de sus teatros. En el Teatro Montecarlo se organiza a partir de las 18,00 h un gran acto de presentaci\u00f3n de todas las comisiones falleras de la localidad. Un acto nunca organizado antes y que trata de mostrar la hermandad actual entre todas ellas y provocar ambiente festivo y fallero de cara a las pr\u00f3ximas fiestas josefinas que se celebran en la localidad los d\u00edas 17, 18 y 19 de marzo.\u00a0<\/p>\n\n\n\n<p>Hasta ahora dos comisiones falleras del municipio han realizado su presentaci\u00f3n oficial. Es el caso de la Falla Reyes Cat\u00f3licos y Adyacentes, que quer\u00eda arrancar con los actos por el 50 aniversario de su fundaci\u00f3n, paralizados por la pandemia; y la Falla Bu\u00f1ol Pueblo, que presentaba a su Fallera Mayor, ya que en 2020 no ten\u00eda y no fue presentada. Ambas hicieron grandes festejos, emotivos y muy entra\u00f1ables.<\/p>\n\n\n\n<p>Pero este s\u00e1bado el resto de comisiones falleras: Falla Ventas, Falla Prado y Falla Nuevo Bu\u00f1ol tambi\u00e9n se vestir\u00e1n de gala. Sus Falleras Mayores y Presidentes tambi\u00e9n vivir\u00e1n su momento, con muchas ganas e ilusiones por la celebraci\u00f3n de unas fiestas que llevan esperando dos a\u00f1os.<\/p>\n\n\n\n<p>Mientras que en el Palacio de la M\u00fasica, la Banda Sinf\u00f3nica del Centro Instructivo Musical La Arm\u00f3nica ofrecer\u00e1 el Concierto de A\u00f1o Nuevo que tuvo que ser interrumpido por la sexta ola de la pandemia en los meses de diciembre y enero. Su director invitado, Marcel Ortega, ha preparado un excelente programa para que socios y simpatizantes vuelvan a reencontrarse con su banda, con sus m\u00fasicos, con sus familiares, en un gran ambiente donde la m\u00fasica vuelve a ser protagonista de un escenario \u00fanico. Ser\u00e1 a partir de las 19.30h.<\/p>\n\n\n\n<p>Y el domingo la Sala El Mercado de Bu\u00f1ol alberga una pasarela-showroom de lujo, a cargo de Enilde, una empresaria bu\u00f1olense que ha confeccionado una colecci\u00f3n \u00fanica. Vecinos y visitantes podr\u00e1n disfrutar a partir de las 18,00 h. de la colecci\u00f3n Silvestre en un desfile con dise\u00f1os exclusivos confeccionados \u00edntegramente por Enilde. Un \u00e9xito asegurado, donde tambi\u00e9n podr\u00e1 verse su colecci\u00f3n de bolsos exclusivos. Toda la colecci\u00f3n tambi\u00e9n podr\u00e1 comprarse. La emprendedora, Enilde Galarza, pretende estar presente en ferias de moda a nivel nacional y ya est\u00e1 confeccionando en estos momentos la colecci\u00f3n de invierno. A partir del domingo arranca tambi\u00e9n su venta online y con descuentos para los vecinos de Bu\u00f1ol.<\/p>\n","protected":false},"excerpt":{"rendered":"<div class=\"mh-excerpt\">Este fin de semana Bu\u00f1ol vuelve a ofrecer cultura. El s\u00e1bado dos grandes actos centrar\u00e1n la atenci\u00f3n de sus teatros. En el Teatro Montecarlo se organiza a partir de las 18,00 h un gran acto <a class=\"mh-excerpt-more\" href=\"https:\/\/www.tucomarca.com\/wordpress\/segunda\/concluye-febrero-en-bunol-con-la-presentacion-fallera-conjunta-musica-a-cargo-de-la-armonica-y-moda-con-el-showroom-de-enilde\/\" title=\"Concluye febrero en Bu\u00f1ol con la presentaci\u00f3n fallera conjunta, m\u00fasica a cargo de \u201cLa Arm\u00f3nica\u201d y moda con el Showroom de Enilde\">[+] <\/a><\/div>\n","protected":false},"author":12,"featured_media":149843,"comment_status":"open","ping_status":"open","sticky":false,"template":"","format":"standard","meta":{"footnotes":""},"categories":[4,18,8,10,7,3],"tags":[5335,14721,10772,5952],"class_list":{"0":"post-149807","1":"post","2":"type-post","3":"status-publish","4":"format-standard","5":"has-post-thumbnail","7":"category-agenda","8":"category-bunol","9":"category-la-comarca","10":"category-la-hoya","11":"category-ocio-y-cultura","12":"category-seccion","13":"tag-ayuntamiento-de-bunol","14":"tag-bunol-actua","15":"tag-junta-local-fallera-de-bunol","16":"tag-la-hoya-de-bunol-chiva"},"_links":{"self":[{"href":"https:\/\/www.tucomarca.com\/wordpress\/segunda\/wp-json\/wp\/v2\/posts\/149807","targetHints":{"allow":["GET"]}}],"collection":[{"href":"https:\/\/www.tucomarca.com\/wordpress\/segunda\/wp-json\/wp\/v2\/posts"}],"about":[{"href":"https:\/\/www.tucomarca.com\/wordpress\/segunda\/wp-json\/wp\/v2\/types\/post"}],"author":[{"embeddable":true,"href":"https:\/\/www.tucomarca.com\/wordpress\/segunda\/wp-json\/wp\/v2\/users\/12"}],"replies":[{"embeddable":true,"href":"https:\/\/www.tucomarca.com\/wordpress\/segunda\/wp-json\/wp\/v2\/comments?post=149807"}],"version-history":[{"count":0,"href":"https:\/\/www.tucomarca.com\/wordpress\/segunda\/wp-json\/wp\/v2\/posts\/149807\/revisions"}],"wp:featuredmedia":[{"embeddable":true,"href":"https:\/\/www.tucomarca.com\/wordpress\/segunda\/wp-json\/wp\/v2\/media\/149843"}],"wp:attachment":[{"href":"https:\/\/www.tucomarca.com\/wordpress\/segunda\/wp-json\/wp\/v2\/media?parent=149807"}],"wp:term":[{"taxonomy":"category","embeddable":true,"href":"https:\/\/www.tucomarca.com\/wordpress\/segunda\/wp-json\/wp\/v2\/categories?post=149807"},{"taxonomy":"post_tag","embeddable":true,"href":"https:\/\/www.tucomarca.com\/wordpress\/segunda\/wp-json\/wp\/v2\/tags?post=149807"}],"curies":[{"name":"wp","href":"https:\/\/api.w.org\/{rel}","templated":true}]}}