{"id":149834,"date":"2022-02-24T15:00:00","date_gmt":"2022-02-24T14:00:00","guid":{"rendered":"http:\/\/www.tucomarca.com\/wordpress\/segunda\/?p=149834"},"modified":"2022-02-24T20:35:18","modified_gmt":"2022-02-24T19:35:18","slug":"la-diputacion-informa-de-los-fondos-europeos-para-desarrollar-planes-de-sostenibilidad-turistica-en-la-provincia","status":"publish","type":"post","link":"https:\/\/www.tucomarca.com\/wordpress\/segunda\/la-diputacion-informa-de-los-fondos-europeos-para-desarrollar-planes-de-sostenibilidad-turistica-en-la-provincia\/","title":{"rendered":"La Diputaci\u00f3n informa de los fondos europeos para desarrollar Planes de Sostenibilidad Tur\u00edstica en la provincia"},"content":{"rendered":"\n<h4 class=\"wp-block-heading\">Los servicios de Turismo y Asesoramiento Europeo de la corporaci\u00f3n, en colaboraci\u00f3n con Turisme Comunitat Valenciana, celebran una jornada informativa virtual con un total de 70 participantes<\/h4>\n\n\n\n<p>La Diputaci\u00f3 de Val\u00e8ncia, a trav\u00e9s de los servicios de Turismo y Asesoramiento Europeo y en colaboraci\u00f3n con Turisme Comunitat Valenciana, ha celebrado esta ma\u00f1ana una jornada informativa virtual, desde el Sal\u00f3n de Plenos de la corporaci\u00f3n, para asesorar a los municipios y mancomunidades de la provincia en la consecuci\u00f3n de fondos europeos para el desarrollo de Planes de Sostenibilidad Tur\u00edstica.<\/p>\n\n\n\n<p>La sesi\u00f3n, que ha contado con un total de 70 participantes entre municipios, mancomunidades y otras entidades, ha comenzado con las intervenciones del secretario auton\u00f3mico de Turismo, Francesc Colomer; el director general de Turismo, Herick Campos; y el diputado de Turismo, Jordi Mayor, que han dado paso a los t\u00e9cnicos que han informado a los asistentes de los proyectos europeos existentes en la actualidad en este \u00e1mbito, la preparaci\u00f3n de candidaturas para optar a los fondos europeos y han despejado dudas sobre los procedimientos ya iniciados o a iniciar en el \u00e1mbito de la Sostenibilidad Tur\u00edstica en Destinos.<\/p>\n\n\n\n<p>El marco de la jornada es la&nbsp;<em>Estrategia de Sostenibilidad Tur\u00edstica en Destinos<\/em>&nbsp;del Gobierno Espa\u00f1ol, que con presupuesto procedente de los&nbsp;<em>Fondos Next Generation<\/em>&nbsp;de la Uni\u00f3n Europea potenciar\u00e1 esta l\u00ednea de trabajo en el sector tur\u00edstico espa\u00f1ol, a trav\u00e9s de instituciones p\u00fablicas, entidades sociales y empresas.<\/p>\n\n\n\n<p>El diputado de Turismo, Jordi Mayor, ha insistido en que la consecuci\u00f3n de fondos europeos \u201ces una gran oportunidad para dar un verdadero impulso a la recuperaci\u00f3n del turismo en nuestra provincia sumando esfuerzos desde todos los \u00e1mbitos, pero tambi\u00e9n para preparar al sector con las mejores herramientas con el fin de que afronte con \u00e9xito el futuro y se consolide como un pilar fundamental de la econom\u00eda, que puede desarrollarse e influir positivamente en nuestra calidad de vida\u201d.&nbsp; &nbsp;<\/p>\n\n\n\n<p>Por su parte, el secretario auton\u00f3mico de Turismo, Francesc Colomer, ha abundado en esta idea al destacar que \u201ces el momento de aprovechar al m\u00e1ximo la gran oportunidad de los fondos europeos\u201d, puesto que \u201ctendremos los recursos que nos permitir\u00e1n materializar nuestras ideas para tratar de transformar adecuadamente los destinos haciendo part\u00edcipes a los actores privados\u201d.<\/p>\n\n\n\n<p>Los t\u00e9cnicos de la Unidad de Cohesi\u00f3n Territorial y Proyectos Europeos de la Diputaci\u00f3n, el \u00e1rea de Competitividad Tur\u00edstica de Turisme Comunitat Valenciana y una consultora especializada, participantes en la segunda parte de la jornada, han explicado los pormenores de la convocatoria de 2022 de los Planes de Sostenibilidad Tur\u00edstica en Destino, que se gestionan a trav\u00e9s de Turisme Comunitat Valenciana y la Secretar\u00eda de Estado de Turismo.<\/p>\n","protected":false},"excerpt":{"rendered":"<div class=\"mh-excerpt\">Los servicios de Turismo y Asesoramiento Europeo de la corporaci\u00f3n, en colaboraci\u00f3n con Turisme Comunitat Valenciana, celebran una jornada informativa virtual con un total de 70 participantes La Diputaci\u00f3 de Val\u00e8ncia, a trav\u00e9s de los <a class=\"mh-excerpt-more\" href=\"https:\/\/www.tucomarca.com\/wordpress\/segunda\/la-diputacion-informa-de-los-fondos-europeos-para-desarrollar-planes-de-sostenibilidad-turistica-en-la-provincia\/\" title=\"La Diputaci\u00f3n informa de los fondos europeos para desarrollar Planes de Sostenibilidad Tur\u00edstica en la provincia\">[+] <\/a><\/div>\n","protected":false},"author":1,"featured_media":149835,"comment_status":"open","ping_status":"open","sticky":false,"template":"","format":"standard","meta":{"footnotes":""},"categories":[128,8,72,7,142,3,45],"tags":[3677,9841],"class_list":{"0":"post-149834","1":"post","2":"type-post","3":"status-publish","4":"format-standard","5":"has-post-thumbnail","7":"category-infraestructuras","8":"category-la-comarca","9":"category-sin-categorizar","10":"category-ocio-y-cultura","11":"category-politica-la-comarca","12":"category-seccion","13":"category-ventana","14":"tag-diputacio-de-valencia","15":"tag-valencia-turisme"},"_links":{"self":[{"href":"https:\/\/www.tucomarca.com\/wordpress\/segunda\/wp-json\/wp\/v2\/posts\/149834","targetHints":{"allow":["GET"]}}],"collection":[{"href":"https:\/\/www.tucomarca.com\/wordpress\/segunda\/wp-json\/wp\/v2\/posts"}],"about":[{"href":"https:\/\/www.tucomarca.com\/wordpress\/segunda\/wp-json\/wp\/v2\/types\/post"}],"author":[{"embeddable":true,"href":"https:\/\/www.tucomarca.com\/wordpress\/segunda\/wp-json\/wp\/v2\/users\/1"}],"replies":[{"embeddable":true,"href":"https:\/\/www.tucomarca.com\/wordpress\/segunda\/wp-json\/wp\/v2\/comments?post=149834"}],"version-history":[{"count":0,"href":"https:\/\/www.tucomarca.com\/wordpress\/segunda\/wp-json\/wp\/v2\/posts\/149834\/revisions"}],"wp:featuredmedia":[{"embeddable":true,"href":"https:\/\/www.tucomarca.com\/wordpress\/segunda\/wp-json\/wp\/v2\/media\/149835"}],"wp:attachment":[{"href":"https:\/\/www.tucomarca.com\/wordpress\/segunda\/wp-json\/wp\/v2\/media?parent=149834"}],"wp:term":[{"taxonomy":"category","embeddable":true,"href":"https:\/\/www.tucomarca.com\/wordpress\/segunda\/wp-json\/wp\/v2\/categories?post=149834"},{"taxonomy":"post_tag","embeddable":true,"href":"https:\/\/www.tucomarca.com\/wordpress\/segunda\/wp-json\/wp\/v2\/tags?post=149834"}],"curies":[{"name":"wp","href":"https:\/\/api.w.org\/{rel}","templated":true}]}}