{"id":149856,"date":"2022-02-25T09:03:00","date_gmt":"2022-02-25T08:03:00","guid":{"rendered":"http:\/\/www.tucomarca.com\/wordpress\/segunda\/?p=149856"},"modified":"2022-02-25T11:35:41","modified_gmt":"2022-02-25T10:35:41","slug":"utiel-celebra-el-dia-del-arbol-con-la-replantacion-de-800-pinos-en-sierra-negrete","status":"publish","type":"post","link":"https:\/\/www.tucomarca.com\/wordpress\/segunda\/utiel-celebra-el-dia-del-arbol-con-la-replantacion-de-800-pinos-en-sierra-negrete\/","title":{"rendered":"Utiel celebra el D\u00eda del \u00c1rbol con la replantaci\u00f3n de 800 pinos en Sierra Negrete"},"content":{"rendered":"\n<h4 class=\"wp-block-heading\">La jornada se ha celebrado con la participaci\u00f3n de alrededor de 200 alumnos de 6\u00aa de primaria y de 1\u00ba de la ESO de centros educativos del municipio&nbsp;<\/h4>\n\n\n\n<p>Esta ma\u00f1ana el Ayuntamiento de Utiel celebra el D\u00eda del \u00c1rbol con una jornada did\u00e1ctica de concienciaci\u00f3n medioambiental en la que est\u00e1n participando alrededor de 200 estudiantes en las tareas de reforestaci\u00f3n en el Monte de Utilidad P\u00fablica Sierra Negrete.<\/p>\n\n\n\n<p>Despu\u00e9s de que el a\u00f1o pasado se tuviera que sustituir la tradicional salida al monte por actividades divulgativas online debido a la pandemia, hoy de nuevo se ha retomado la plantaci\u00f3n de alrededor de 800 \u00e1rboles en el paraje \u201cCharco Olmillos\u201d, ubicado en las proximidades de Casa Medina.<\/p>\n\n\n\n<p>Una actividad de reforestaci\u00f3n que vuelve a realizarse en este paraje de Sierra Negrete debido a que la plaga de conejos ha da\u00f1ado considerablemente la plantaci\u00f3n realizada en el a\u00f1o 2020. Por este motivo, en esta campa\u00f1a se colocar\u00e1n protectores a cada uno de los ejemplares de pino para evitar de nuevo el ataque masivo de estos animales.<\/p>\n\n\n\n<p>Desde las 8 de la ma\u00f1ana, alrededor de 200 estudiantes de los centros educativos IES Alameda, Can\u00f3nigo Mu\u00f1oz, Enrique Rambal, Santa Ana y CRA Olena (Las Cuevas, Los Corrales y Las Casas) est\u00e1n participando en esta jornada de educaci\u00f3n ambiental dirigida por agentes forestales de la comarca. Los instructores medioambientales ofrecen informaci\u00f3n espec\u00edfica sobre los pasos a realizar para la correcta plantaci\u00f3n y conservaci\u00f3n de \u00e1rboles y trasladan la importancia de preservar nuestro entorno natural y los ecosistemas locales.<\/p>\n\n\n\n<p>Una jornada organizada por el Ayuntamiento de Utiel que cuenta con la colaboraci\u00f3n de la Generalitat Valenciana en la donaci\u00f3n de los plantones as\u00ed como de otras empresas locales que facilitan diferentes recursos de forma altruista, como productos de alimentaci\u00f3n para el almuerzo, protectores de planta, medio de transporte para los escolares etc.<\/p>\n\n\n\n<p><strong>Reforestaci\u00f3n con 800 \u00e1rboles<\/strong><\/p>\n\n\n\n<p>Esta ma\u00f1ana se ha llevado a cabo la plantaci\u00f3n de pinos de diferentes especies y carrascas en la zona forestal \u201cCharco de los Olmillos\u201d pr\u00f3xima al entorno de El Remedio, pasando as\u00ed a reforestar este bosque del t\u00e9rmino municipal de Utiel en el que ya se realizaron trabajos de plantaci\u00f3n previos.&nbsp;<\/p>\n\n\n\n<p>Tambi\u00e9n algunos de estos \u00e1rboles formar\u00e1n parte del entorno de los diferentes centros educativos de la localidad.<\/p>\n\n\n\n<p>Previamente, el alumnado ha participado en las charlas informativas relacionadas con la importancia de preservar el medio ambiente y la responsabilidad individual que todos tenemos con nuestro entorno natural; los beneficios del bosque, patrimonio natural y cultural esencial para la vida en el planeta y los efectos y consecuencias del cambio clim\u00e1tico.<\/p>\n\n\n\n<p>Unas jornadas de convivencia y formaci\u00f3n medioambiental que la Concejal\u00eda de Medio Ambiente y Desarrollo Rural sigue promoviendo con el objetivo de dar a conocer los ecosistemas forestales locales, poniendo el punto de mira en los beneficios ambientales que nos ofrecen los \u00e1rboles y la necesidad de conservarlos.&nbsp;<\/p>\n\n\n\n<p>El Ayuntamiento de Utiel agradece el compromiso e implicaci\u00f3n de todos los participantes y colaboradores que un a\u00f1o m\u00e1s hacen posible el desarrollo de esta campa\u00f1a de divulgaci\u00f3n y sensibilizaci\u00f3n medioambiental.<\/p>\n","protected":false},"excerpt":{"rendered":"<div class=\"mh-excerpt\">La jornada se ha celebrado con la participaci\u00f3n de alrededor de 200 alumnos de 6\u00aa de primaria y de 1\u00ba de la ESO de centros educativos del municipio&nbsp; Esta ma\u00f1ana el Ayuntamiento de Utiel celebra <a class=\"mh-excerpt-more\" href=\"https:\/\/www.tucomarca.com\/wordpress\/segunda\/utiel-celebra-el-dia-del-arbol-con-la-replantacion-de-800-pinos-en-sierra-negrete\/\" title=\"Utiel celebra el D\u00eda del \u00c1rbol con la replantaci\u00f3n de 800 pinos en Sierra Negrete\">[+] <\/a><\/div>\n","protected":false},"author":1,"featured_media":149857,"comment_status":"open","ping_status":"open","sticky":false,"template":"","format":"standard","meta":{"footnotes":""},"categories":[128,8,117,27,3,29],"tags":[646,10387,10389],"class_list":{"0":"post-149856","1":"post","2":"type-post","3":"status-publish","4":"format-standard","5":"has-post-thumbnail","7":"category-infraestructuras","8":"category-la-comarca","9":"category-medio-ambiente-la-comarca","10":"category-requena-utiel","11":"category-seccion","12":"category-utiel","13":"tag-dia-del-arbol","14":"tag-requena-utiel","15":"tag-utiel"},"_links":{"self":[{"href":"https:\/\/www.tucomarca.com\/wordpress\/segunda\/wp-json\/wp\/v2\/posts\/149856","targetHints":{"allow":["GET"]}}],"collection":[{"href":"https:\/\/www.tucomarca.com\/wordpress\/segunda\/wp-json\/wp\/v2\/posts"}],"about":[{"href":"https:\/\/www.tucomarca.com\/wordpress\/segunda\/wp-json\/wp\/v2\/types\/post"}],"author":[{"embeddable":true,"href":"https:\/\/www.tucomarca.com\/wordpress\/segunda\/wp-json\/wp\/v2\/users\/1"}],"replies":[{"embeddable":true,"href":"https:\/\/www.tucomarca.com\/wordpress\/segunda\/wp-json\/wp\/v2\/comments?post=149856"}],"version-history":[{"count":0,"href":"https:\/\/www.tucomarca.com\/wordpress\/segunda\/wp-json\/wp\/v2\/posts\/149856\/revisions"}],"wp:featuredmedia":[{"embeddable":true,"href":"https:\/\/www.tucomarca.com\/wordpress\/segunda\/wp-json\/wp\/v2\/media\/149857"}],"wp:attachment":[{"href":"https:\/\/www.tucomarca.com\/wordpress\/segunda\/wp-json\/wp\/v2\/media?parent=149856"}],"wp:term":[{"taxonomy":"category","embeddable":true,"href":"https:\/\/www.tucomarca.com\/wordpress\/segunda\/wp-json\/wp\/v2\/categories?post=149856"},{"taxonomy":"post_tag","embeddable":true,"href":"https:\/\/www.tucomarca.com\/wordpress\/segunda\/wp-json\/wp\/v2\/tags?post=149856"}],"curies":[{"name":"wp","href":"https:\/\/api.w.org\/{rel}","templated":true}]}}